{"id":101464,"date":"2026-03-03T01:11:29","date_gmt":"2026-03-03T01:11:29","guid":{"rendered":"https:\/\/jorgezanoni.com.br\/2019\/?p=101464"},"modified":"2026-03-03T01:11:29","modified_gmt":"2026-03-03T01:11:29","slug":"policia-militar-age-rapidamente-e-prende-homem-por-roubo-em-dracena","status":"publish","type":"post","link":"https:\/\/jorgezanoni.com.br\/2019\/policia-militar-age-rapidamente-e-prende-homem-por-roubo-em-dracena\/","title":{"rendered":"Pol\u00edcia Militar age rapidamente e prende homem por roubo em Dracena"},"content":{"rendered":"<p style=\"text-align: justify;\">Na manh\u00e3 desta segunda-feira (02), policiais militares do 25\u00ba Batalh\u00e3o de Pol\u00edcia Militar do Interior atenderam uma ocorr\u00eancia de roubo a transeunte no bairro Jardim das Palmeiras, em Dracena.<br \/>\nA v\u00edtima, uma mulher de 32 anos, relatou a subtra\u00e7\u00e3o de dois aparelhos celulares durante a a\u00e7\u00e3o criminosa. De imediato, as equipes da Pol\u00edcia Militar do 25\u00ba BPM\/I iniciaram dilig\u00eancias ininterruptas e intensificaram o patrulhamento com foco na identifica\u00e7\u00e3o e captura do autor. A resposta r\u00e1pida e coordenada das guarni\u00e7\u00f5es resultou na localiza\u00e7\u00e3o de um homem de 21 anos no bairro Vera Cruz, enquanto transitava de bicicleta pela Rua Dom Pedro. Durante a abordagem, o indiv\u00edduo confessou a pr\u00e1tica do roubo, sendo localizado em sua posse um dos aparelhos celulares subtra\u00eddos. O segundo aparelho, conforme declarado, foi descartado em uma \u00e1rea de mata. Durante a qualifica\u00e7\u00e3o do abordado, constatou-se a exist\u00eancia de mandado de pris\u00e3o em seu desfavor pelo crime de tr\u00e1fico de entorpecentes.<br \/>\nAs partes foram conduzidas ao Plant\u00e3o Policial de Dracena para as provid\u00eancias de pol\u00edcia judici\u00e1ria, onde foi ratificada voz de pris\u00e3o e o indiv\u00edduo permaneceu a disposi\u00e7\u00e3o da justi\u00e7a.<br \/>\nA atua\u00e7\u00e3o c\u00e9lere, t\u00e9cnica e integrada das equipes demonstra o comprometimento da Pol\u00edcia Militar com a pronta resposta \u00e0s ocorr\u00eancias e a preserva\u00e7\u00e3o da ordem p\u00fablica, refor\u00e7ando a seguran\u00e7a da popula\u00e7\u00e3o de Dracena e regi\u00e3o.<\/p>\n<p style=\"text-align: justify;\">\u00c9 a Pol\u00edcia Militar, protegendo vidas.<\/p>\n<p><img loading=\"lazy\" decoding=\"async\" class=\"alignnone size-full wp-image-101466\" src=\"https:\/\/jorgezanoni.com.br\/2019\/wp-content\/uploads\/2026\/03\/roubo1.jpg\" alt=\"\" width=\"1200\" height=\"1600\" srcset=\"https:\/\/jorgezanoni.com.br\/2019\/wp-content\/uploads\/2026\/03\/roubo1.jpg 1200w, https:\/\/jorgezanoni.com.br\/2019\/wp-content\/uploads\/2026\/03\/roubo1-225x300.jpg 225w, https:\/\/jorgezanoni.com.br\/2019\/wp-content\/uploads\/2026\/03\/roubo1-768x1024.jpg 768w, https:\/\/jorgezanoni.com.br\/2019\/wp-content\/uploads\/2026\/03\/roubo1-1152x1536.jpg 1152w, https:\/\/jorgezanoni.com.br\/2019\/wp-content\/uploads\/2026\/03\/roubo1-696x928.jpg 696w, https:\/\/jorgezanoni.com.br\/2019\/wp-content\/uploads\/2026\/03\/roubo1-1068x1424.jpg 1068w, https:\/\/jorgezanoni.com.br\/2019\/wp-content\/uploads\/2026\/03\/roubo1-315x420.jpg 315w\" sizes=\"auto, (max-width: 1200px) 100vw, 1200px\" \/>Fonte: Comunica\u00e7\u00e3o Social Pol\u00edcia Militar<\/p>\n","protected":false},"excerpt":{"rendered":"<p>Na manh\u00e3 desta segunda-feira (02), policiais militares do 25\u00ba Batalh\u00e3o de Pol\u00edcia Militar do Interior atenderam uma ocorr\u00eancia de roubo a transeunte no bairro Jardim das Palmeiras, em Dracena. A v\u00edtima, uma mulher de 32 anos, relatou a subtra\u00e7\u00e3o de dois aparelhos celulares durante a a\u00e7\u00e3o criminosa. De imediato, as equipes da Pol\u00edcia Militar do [&hellip;]<\/p>\n","protected":false},"author":1,"featured_media":101465,"comment_status":"closed","ping_status":"open","sticky":false,"template":"","format":"standard","meta":{"footnotes":""},"categories":[110,2],"tags":[],"class_list":["post-101464","post","type-post","status-publish","format-standard","has-post-thumbnail","hentry","category-noticiasdestaque","category-policial"],"_links":{"self":[{"href":"https:\/\/jorgezanoni.com.br\/2019\/wp-json\/wp\/v2\/posts\/101464","targetHints":{"allow":["GET"]}}],"collection":[{"href":"https:\/\/jorgezanoni.com.br\/2019\/wp-json\/wp\/v2\/posts"}],"about":[{"href":"https:\/\/jorgezanoni.com.br\/2019\/wp-json\/wp\/v2\/types\/post"}],"author":[{"embeddable":true,"href":"https:\/\/jorgezanoni.com.br\/2019\/wp-json\/wp\/v2\/users\/1"}],"replies":[{"embeddable":true,"href":"https:\/\/jorgezanoni.com.br\/2019\/wp-json\/wp\/v2\/comments?post=101464"}],"version-history":[{"count":1,"href":"https:\/\/jorgezanoni.com.br\/2019\/wp-json\/wp\/v2\/posts\/101464\/revisions"}],"predecessor-version":[{"id":101467,"href":"https:\/\/jorgezanoni.com.br\/2019\/wp-json\/wp\/v2\/posts\/101464\/revisions\/101467"}],"wp:featuredmedia":[{"embeddable":true,"href":"https:\/\/jorgezanoni.com.br\/2019\/wp-json\/wp\/v2\/media\/101465"}],"wp:attachment":[{"href":"https:\/\/jorgezanoni.com.br\/2019\/wp-json\/wp\/v2\/media?parent=101464"}],"wp:term":[{"taxonomy":"category","embeddable":true,"href":"https:\/\/jorgezanoni.com.br\/2019\/wp-json\/wp\/v2\/categories?post=101464"},{"taxonomy":"post_tag","embeddable":true,"href":"https:\/\/jorgezanoni.com.br\/2019\/wp-json\/wp\/v2\/tags?post=101464"}],"curies":[{"name":"wp","href":"https:\/\/api.w.org\/{rel}","templated":true}]}}