{"id":101393,"date":"2026-02-27T16:16:43","date_gmt":"2026-02-27T16:16:43","guid":{"rendered":"https:\/\/jorgezanoni.com.br\/2019\/?p=101393"},"modified":"2026-02-27T16:21:44","modified_gmt":"2026-02-27T16:21:44","slug":"policia-militar-rodoviaria-prende-mulher-com-drogas-em-onibus-na-sp-294-em-dracena","status":"publish","type":"post","link":"https:\/\/jorgezanoni.com.br\/2019\/policia-militar-rodoviaria-prende-mulher-com-drogas-em-onibus-na-sp-294-em-dracena\/","title":{"rendered":"Pol\u00edcia Militar Rodovi\u00e1ria prende mulher com Drogas em \u00f4nibus na SP-294 em Dracena"},"content":{"rendered":"<p style=\"text-align: justify;\"><strong>Flagrante aconteceu na manh\u00e3 desta sexta-feira (27) na Rodovia Comandante Jo\u00e3o Ribeiro de Barros, SP-294, Km. 547, no trevo de Dracena.<\/strong><\/p>\n<p style=\"text-align: justify;\">Em trabalho de rotina, a Equipe do GPTOR da 2\u00aa Cia do 2\u00ba Bprv, abordaram um \u00f4nibus de linha regular interestadual que fazia o trajeto Campo Grande\/MS. a S\u00e3o Paulo\/SP. Em fiscaliza\u00e7\u00e3o dos passageiros, mais precisamente na poltrona de n\u00famero 25, a mulher L.C.M de 27 anos, moradora de Ponta Por\u00e3\/MS., demonstrou incomodo anormal com a presen\u00e7a policial. Em entrevista, ela informou que iria passear na casa dos pais em Botucatu\/SP., por\u00e9m n\u00e3o sabia o endere\u00e7o dos familiares. Em conversa mais franca, a mesma declarou que transportava drogas junto ao corpo e que havia sido contratada por um desconhecido e levaria a Droga do MS para Botucatu\/SP. recebendo a quantia de R$ 3 mil reais pelo &#8220;servi\u00e7o&#8221;. Mais de 4 Kg. da Droga DRY, foram apreendidos.<\/p>\n<p style=\"text-align: justify;\">Ato cont\u00ednuo, foi presa em flagrante e conduzida ao Plant\u00e3o Policial da Pol\u00edcia Civil de Dracena, onde foi ratificada a pris\u00e3o pelo Delegado de Plant\u00e3o, permanecendo \u00e0 disposi\u00e7\u00e3o da Justi\u00e7a, onde passar\u00e1 por audi\u00eancia de Cust\u00f3dia.<\/p>\n<p style=\"text-align: justify;\">Trabalharam na ocorr\u00eancia o Subtenente Carvalho e os Cabos Marcelo e Castellani.<\/p>\n<p><img loading=\"lazy\" decoding=\"async\" class=\"alignnone size-full wp-image-101396\" src=\"https:\/\/jorgezanoni.com.br\/2019\/wp-content\/uploads\/2026\/02\/tra-4.jpg\" alt=\"\" width=\"1600\" height=\"900\" srcset=\"https:\/\/jorgezanoni.com.br\/2019\/wp-content\/uploads\/2026\/02\/tra-4.jpg 1600w, https:\/\/jorgezanoni.com.br\/2019\/wp-content\/uploads\/2026\/02\/tra-4-300x169.jpg 300w, https:\/\/jorgezanoni.com.br\/2019\/wp-content\/uploads\/2026\/02\/tra-4-1024x576.jpg 1024w, https:\/\/jorgezanoni.com.br\/2019\/wp-content\/uploads\/2026\/02\/tra-4-768x432.jpg 768w, https:\/\/jorgezanoni.com.br\/2019\/wp-content\/uploads\/2026\/02\/tra-4-1536x864.jpg 1536w, https:\/\/jorgezanoni.com.br\/2019\/wp-content\/uploads\/2026\/02\/tra-4-696x392.jpg 696w, https:\/\/jorgezanoni.com.br\/2019\/wp-content\/uploads\/2026\/02\/tra-4-1068x601.jpg 1068w, https:\/\/jorgezanoni.com.br\/2019\/wp-content\/uploads\/2026\/02\/tra-4-747x420.jpg 747w\" sizes=\"auto, (max-width: 1600px) 100vw, 1600px\" \/> <img loading=\"lazy\" decoding=\"async\" class=\"alignnone size-full wp-image-101397\" src=\"https:\/\/jorgezanoni.com.br\/2019\/wp-content\/uploads\/2026\/02\/tra2-1.jpg\" alt=\"\" width=\"1280\" height=\"720\" srcset=\"https:\/\/jorgezanoni.com.br\/2019\/wp-content\/uploads\/2026\/02\/tra2-1.jpg 1280w, https:\/\/jorgezanoni.com.br\/2019\/wp-content\/uploads\/2026\/02\/tra2-1-300x169.jpg 300w, https:\/\/jorgezanoni.com.br\/2019\/wp-content\/uploads\/2026\/02\/tra2-1-1024x576.jpg 1024w, https:\/\/jorgezanoni.com.br\/2019\/wp-content\/uploads\/2026\/02\/tra2-1-768x432.jpg 768w, https:\/\/jorgezanoni.com.br\/2019\/wp-content\/uploads\/2026\/02\/tra2-1-696x392.jpg 696w, https:\/\/jorgezanoni.com.br\/2019\/wp-content\/uploads\/2026\/02\/tra2-1-1068x601.jpg 1068w, https:\/\/jorgezanoni.com.br\/2019\/wp-content\/uploads\/2026\/02\/tra2-1-747x420.jpg 747w\" sizes=\"auto, (max-width: 1280px) 100vw, 1280px\" \/><\/p>\n<p>Fotos cedidas PMR e JZ.<\/p>\n<p>Jorge Zanoni<\/p>\n<p>&nbsp;<\/p>\n<p>&nbsp;<\/p>\n<p>&nbsp;<\/p>\n","protected":false},"excerpt":{"rendered":"<p>Flagrante aconteceu na manh\u00e3 desta sexta-feira (27) na Rodovia Comandante Jo\u00e3o Ribeiro de Barros, SP-294, Km. 547, no trevo de Dracena. Em trabalho de rotina, a Equipe do GPTOR da 2\u00aa Cia do 2\u00ba Bprv, abordaram um \u00f4nibus de linha regular interestadual que fazia o trajeto Campo Grande\/MS. a S\u00e3o Paulo\/SP. Em fiscaliza\u00e7\u00e3o dos passageiros, [&hellip;]<\/p>\n","protected":false},"author":1,"featured_media":101394,"comment_status":"closed","ping_status":"open","sticky":false,"template":"","format":"standard","meta":{"footnotes":""},"categories":[110,2],"tags":[],"class_list":["post-101393","post","type-post","status-publish","format-standard","has-post-thumbnail","hentry","category-noticiasdestaque","category-policial"],"_links":{"self":[{"href":"https:\/\/jorgezanoni.com.br\/2019\/wp-json\/wp\/v2\/posts\/101393","targetHints":{"allow":["GET"]}}],"collection":[{"href":"https:\/\/jorgezanoni.com.br\/2019\/wp-json\/wp\/v2\/posts"}],"about":[{"href":"https:\/\/jorgezanoni.com.br\/2019\/wp-json\/wp\/v2\/types\/post"}],"author":[{"embeddable":true,"href":"https:\/\/jorgezanoni.com.br\/2019\/wp-json\/wp\/v2\/users\/1"}],"replies":[{"embeddable":true,"href":"https:\/\/jorgezanoni.com.br\/2019\/wp-json\/wp\/v2\/comments?post=101393"}],"version-history":[{"count":3,"href":"https:\/\/jorgezanoni.com.br\/2019\/wp-json\/wp\/v2\/posts\/101393\/revisions"}],"predecessor-version":[{"id":101400,"href":"https:\/\/jorgezanoni.com.br\/2019\/wp-json\/wp\/v2\/posts\/101393\/revisions\/101400"}],"wp:featuredmedia":[{"embeddable":true,"href":"https:\/\/jorgezanoni.com.br\/2019\/wp-json\/wp\/v2\/media\/101394"}],"wp:attachment":[{"href":"https:\/\/jorgezanoni.com.br\/2019\/wp-json\/wp\/v2\/media?parent=101393"}],"wp:term":[{"taxonomy":"category","embeddable":true,"href":"https:\/\/jorgezanoni.com.br\/2019\/wp-json\/wp\/v2\/categories?post=101393"},{"taxonomy":"post_tag","embeddable":true,"href":"https:\/\/jorgezanoni.com.br\/2019\/wp-json\/wp\/v2\/tags?post=101393"}],"curies":[{"name":"wp","href":"https:\/\/api.w.org\/{rel}","templated":true}]}}