{"id":10138,"date":"2019-11-01T00:05:28","date_gmt":"2019-11-01T00:05:28","guid":{"rendered":"https:\/\/jorgezanoni.com.br\/2019\/?p=10138"},"modified":"2019-11-01T00:05:28","modified_gmt":"2019-11-01T00:05:28","slug":"proeste-anuncia-construcao-de-novo-predio-para-a-concessionaria-em-adamantina","status":"publish","type":"post","link":"https:\/\/jorgezanoni.com.br\/2019\/proeste-anuncia-construcao-de-novo-predio-para-a-concessionaria-em-adamantina\/","title":{"rendered":"Proeste anuncia constru\u00e7\u00e3o de novo pr\u00e9dio para a concession\u00e1ria em Adamantina"},"content":{"rendered":"<h2 class=\"subtitulo\" style=\"text-align: justify;\"><strong>Proeste adquire \u00e1rea \u00e0s margens da SP-294 e anuncia nova loja para Adamantina.<\/strong><\/h2>\n<p style=\"font-weight: 400; text-align: justify;\">A Proeste \u2013 concession\u00e1ria autorizada Chevrolet em Adamantina, reafirma seu compromisso com o munic\u00edpio e sua condi\u00e7\u00e3o estrat\u00e9gica para a Nova Alta Paulista, e anuncia a aquisi\u00e7\u00e3o de \u00e1rea e a constru\u00e7\u00e3o de sua sede pr\u00f3pria, que deve ser entregue ao p\u00fablico em 2020, ano em que a Proeste comemora sua primeira d\u00e9cada na cidade.<\/p>\n<p style=\"font-weight: 400; text-align: justify;\">Os detalhes do investimento realizado pelo empres\u00e1rio Jos\u00e9 Ant\u00f4nio Foganholi, o \u201cPardal\u201d, dono do Grupo Proeste, foram revelados ao Siga Mais pelo gerente geral da Proeste Adamantina, Leandro Tadeu Alves da Silva.<\/p>\n<p style=\"font-weight: 400; text-align: justify;\">A \u00e1rea que vai receber a nova loja est\u00e1 localizada na via marginal Ant\u00f4nio Barberato \u2013 que margeia o campus II da UniFAI e Rodovia Comandante Jo\u00e3o Ribeiro de Barros \u2013 e foi adquirida em maio do ano passado pela Proeste. O terreno vai abrigar a concession\u00e1ria e um empreendimento habitacional (veja mais, abaixo).<\/p>\n<p style=\"font-weight: 400; text-align: justify;\">O local \u2013 entre o campus e um motel existente na via marginal \u2013 deve come\u00e7ar receber a terraplanagem j\u00e1 neste m\u00eas de novembro, para em seguida ser instalado o canteiro de obras. \u201cVamos come\u00e7ar j\u00e1, e entregar essa nova concession\u00e1ria at\u00e9 o final do ano que vem\u201d, garante Leandro.<\/p>\n<p style=\"font-weight: 400; text-align: justify;\"><b><strong>Estrutura seguir\u00e1 padr\u00e3o internacional da Chevrolet<\/strong><\/b><\/p>\n<p style=\"font-weight: 400; text-align: justify;\">A nova estrutura segue uma padroniza\u00e7\u00e3o internacional para as concession\u00e1rias Chevrolet. \u201cO mesmo layout que construiremos aqui, na nova loja, \u00e9 o mesmo encontrado nas novas concession\u00e1rias Chevrolet pelo mundo\u201d, orgulha-se Leandro.<\/p>\n<p style=\"font-weight: 400; text-align: justify;\">Do total da faixa de terras adquiridas pela Proeste, foram reservados 7,3 mil metros quadrados para as instala\u00e7\u00f5es da concession\u00e1ria, que ter\u00e1 cerca de 3,7 mil metros quadrados de \u00e1rea constru\u00edda, em dois n\u00edveis de pavimento.<\/p>\n<p style=\"font-weight: 400; text-align: justify;\">O espa\u00e7o ser\u00e1 constru\u00eddo com estrutura pr\u00e9-fabricada de concreto armado, j\u00e1 em execu\u00e7\u00e3o no parque industrial da Panorama Pr\u00e9-Moldados, em Panorama. Leandro e Pardal estiveram recentemente na empresa conhecendo os detalhes do m\u00e9todo construtivo da futura loja. A cobertura ser\u00e1 em estrutura met\u00e1lica, com fachada toda em vidro.<\/p>\n<p><img loading=\"lazy\" decoding=\"async\" class=\"alignnone size-full wp-image-10139\" src=\"https:\/\/jorgezanoni.com.br\/2019\/wp-content\/uploads\/2019\/10\/proeste1.jpg\" alt=\"\" width=\"540\" height=\"583\" srcset=\"https:\/\/jorgezanoni.com.br\/2019\/wp-content\/uploads\/2019\/10\/proeste1.jpg 540w, https:\/\/jorgezanoni.com.br\/2019\/wp-content\/uploads\/2019\/10\/proeste1-278x300.jpg 278w, https:\/\/jorgezanoni.com.br\/2019\/wp-content\/uploads\/2019\/10\/proeste1-389x420.jpg 389w\" sizes=\"auto, (max-width: 540px) 100vw, 540px\" \/><\/p>\n<p style=\"text-align: justify;\"><em>Leandro (primeiro) e Pardal (terceiro), na Panorama Pr\u00e9 Moldados (Cedida).<\/em><\/p>\n<p style=\"font-weight: 400; text-align: justify;\">Aproveitando as caracter\u00edsticas do terreno, a nova concession\u00e1ria ter\u00e1 um primeiro pavimento com showroom de ve\u00edculos novos, \u00e1rea de vendas e espa\u00e7os administrativos. O acesso ao segundo pavimento se dar\u00e1 por rampa lateral, onde estar\u00e3o a oficina mec\u00e2nica com assist\u00eancia t\u00e9cnica especializada e o showroom de usados.<\/p>\n<p style=\"font-weight: 400; text-align: justify;\"><b><strong>Nova concession\u00e1ria est\u00e1 alinhada com a miss\u00e3o da Proeste<\/strong><\/b><\/p>\n<p style=\"font-weight: 400; text-align: justify;\">Leandro est\u00e1 na ger\u00eancia geral da Proeste de Adamantina desde janeiro de 2011, um ano depois da chegada da empresa na cidade. Ao longo desse per\u00edodo construiu uma rela\u00e7\u00e3o de parcerias e responsabilidade social com a cidade. Hoje lidera 40 trabalhadores na equipe de Adamantina, e gerencia tamb\u00e9m as unidades de Dracena e Tup\u00e3.<\/p>\n<p style=\"font-weight: 400; text-align: justify;\">Motivado e movido a desafios, Leandro faz quest\u00e3o de construir uma rela\u00e7\u00e3o com a cidade, seus clientes e colaboradores que ultrapassa o vi\u00e9s comercial \u2013 do neg\u00f3cio \u2013, ao promover e apoiar a\u00e7\u00f5es sociais que repercutem na maior qualidade de vida das pessoas.<\/p>\n<p><img loading=\"lazy\" decoding=\"async\" class=\"alignnone size-full wp-image-10140\" src=\"https:\/\/jorgezanoni.com.br\/2019\/wp-content\/uploads\/2019\/10\/proeste2.png\" alt=\"\" width=\"535\" height=\"339\" srcset=\"https:\/\/jorgezanoni.com.br\/2019\/wp-content\/uploads\/2019\/10\/proeste2.png 535w, https:\/\/jorgezanoni.com.br\/2019\/wp-content\/uploads\/2019\/10\/proeste2-300x190.png 300w, https:\/\/jorgezanoni.com.br\/2019\/wp-content\/uploads\/2019\/10\/proeste2-534x339.png 534w\" sizes=\"auto, (max-width: 535px) 100vw, 535px\" \/><\/p>\n<p><em>Pavimento t\u00e9rreo (Reprodu\u00e7\u00e3o).<\/em><\/p>\n<p><img loading=\"lazy\" decoding=\"async\" class=\"alignnone size-full wp-image-10141\" src=\"https:\/\/jorgezanoni.com.br\/2019\/wp-content\/uploads\/2019\/10\/proeste3.png\" alt=\"\" width=\"540\" height=\"342\" srcset=\"https:\/\/jorgezanoni.com.br\/2019\/wp-content\/uploads\/2019\/10\/proeste3.png 540w, https:\/\/jorgezanoni.com.br\/2019\/wp-content\/uploads\/2019\/10\/proeste3-300x190.png 300w\" sizes=\"auto, (max-width: 540px) 100vw, 540px\" \/><\/p>\n<p style=\"text-align: justify;\"><em>Pavimento superior (Reprodu\u00e7\u00e3o).<\/em><\/p>\n<p style=\"text-align: justify;\">Para ele, a constru\u00e7\u00e3o do novo espa\u00e7o \u00e9 a consolida\u00e7\u00e3o da cren\u00e7a e confian\u00e7a da Proeste na cidade. \u201cCom esse novo espa\u00e7o e todo o investimento trazido a Adamantina, valorizamos todos que est\u00e3o conosco e reafirmamos nosso compromisso definido na miss\u00e3o da empresa, em proporcionar solu\u00e7\u00f5es automotivas e a realiza\u00e7\u00e3o de sonhos atrav\u00e9s do comprometimento e qualidade, buscando satisfa\u00e7\u00e3o dos clientes e colaboradores\u201d, cita.<\/p>\n<p style=\"font-weight: 400; text-align: justify;\"><b><strong>Sustentabilidade ambiental e cuidados com animais<\/strong><\/b><\/p>\n<p style=\"font-weight: 400; text-align: justify;\">Al\u00e9m da padroniza\u00e7\u00e3o internacional da Chevrolet, a nova concession\u00e1ria da Proeste em Adamantina atender\u00e1 todas as exig\u00eancias de acessibilidade e sustentabilidade, com um destaque: a unidade produzir\u00e1 toda a energia el\u00e9trica a partir de placas fotovoltaicas, que inclusive gerar\u00e3o saldo de cr\u00e9dito que poder\u00e1 ser usado para abater as despesas com energia el\u00e9trica em outras duas unidades da Proeste na regi\u00e3o, localizadas em Dracena e Tup\u00e3.<\/p>\n<p style=\"font-weight: 400; text-align: justify;\">Outro ponto ainda em configura\u00e7\u00e3o \u00e9 a possibilidade de aproveitamento de \u00e1guas de chuva, que ap\u00f3s serem captadas e armazenadas, poder\u00e3o ser usadas para irriga\u00e7\u00e3o de \u00e1reas verdes do espa\u00e7o.<\/p>\n<p><img loading=\"lazy\" decoding=\"async\" class=\"alignnone size-full wp-image-10142\" src=\"https:\/\/jorgezanoni.com.br\/2019\/wp-content\/uploads\/2019\/11\/Proeste4.jpg\" alt=\"\" width=\"540\" height=\"305\" srcset=\"https:\/\/jorgezanoni.com.br\/2019\/wp-content\/uploads\/2019\/11\/Proeste4.jpg 540w, https:\/\/jorgezanoni.com.br\/2019\/wp-content\/uploads\/2019\/11\/Proeste4-300x169.jpg 300w\" sizes=\"auto, (max-width: 540px) 100vw, 540px\" \/><\/p>\n<p style=\"font-weight: 400; text-align: justify;\"><em>Gerente Leandro apresenta a maquete da nova concession\u00e1ria Proeste, em Adamantina (Cedida).<\/em><\/p>\n<p style=\"font-weight: 400; text-align: justify;\">Leandro destaca ainda uma possibilidade, ainda em estudos, mas que tem todo seu empenho: a nova unidade da Proeste em Adamantina poder\u00e1 contar com espa\u00e7o transit\u00f3rio para acolher animais (c\u00e3es e gatos) para posterior ado\u00e7\u00e3o.<\/p>\n<p style=\"font-weight: 400; text-align: justify;\"><b><strong>Empreendimento habitacional<\/strong><\/b><\/p>\n<p style=\"font-weight: 400; text-align: justify;\">A faixa de terras adquirida pela Proeste vai da via marginal Ant\u00f4nio Barberato at\u00e9 o Residencial Parque Morada do Sol, sendo reservados cerca de 7,3 mil metros quadrados para a concession\u00e1ria.<\/p>\n<p style=\"font-weight: 400; text-align: justify;\">J\u00e1 a \u00e1rea remanescente dessa faixa de terra vai receber um novo loteamento habitacional, em fase de estrutura\u00e7\u00e3o, com previs\u00e3o de 50 lotes. Os detalhes sobre o empreendimento imobili\u00e1rio dever\u00e3o ser divulgados oportunamente.<\/p>\n<p style=\"font-weight: 400; text-align: justify;\">O investimento total na aquisi\u00e7\u00e3o da \u00e1rea e nas obras da concession\u00e1ria e do loteamento est\u00e1 previsto em R$ 6,5 milh\u00f5es.<\/p>\n<p style=\"font-weight: 400; text-align: justify;\"><b><strong>Credibilidade, solidez e retorno \u00e0 cidade<\/strong><\/b><\/p>\n<p style=\"font-weight: 400; text-align: justify;\">A receita de sucesso da Proeste Adamantina re\u00fane credibilidade, solidez, responsabilidade social e a gera\u00e7\u00e3o de emprego e renda. Todos os fatores, somados, s\u00e3o reflexos da hist\u00f3ria constru\u00edda na cidade desde 2010, alicer\u00e7ada em princ\u00edpios e valores que se tornaram diferenciais no mercado.<\/p>\n<p style=\"font-weight: 400; text-align: justify;\">A Proeste, em Adamantina, n\u00e3o \u00e9 uma filial. Trata-se de uma empresa matriz onde todo o faturamento \u00e9 processado e a correspondente arrecada\u00e7\u00e3o tribut\u00e1ria decorrente da venda de ve\u00edculos e pe\u00e7as, e da realiza\u00e7\u00e3o de servi\u00e7os, fica na cidade, o que permite movimentar a economia e contribuir com as pol\u00edticas p\u00fablicas nas \u00e1reas de educa\u00e7\u00e3o, sa\u00fade, assist\u00eancia social, lazer, infraestrutura e outras, que s\u00e3o direitos de todos os cidad\u00e3os. \u201cFaturamos aqui. E daquilo que \u00e9 recolhido aos cofres p\u00fablicos em raz\u00e3o da arrecada\u00e7\u00e3o tribut\u00e1ria, esses impostos ficam na cidade\u201d, destaca Leandro.<\/p>\n<p style=\"font-weight: 400; text-align: justify;\">Al\u00e9m desse indicador importante de compromisso com a cidade, a Proeste orgulha-se tamb\u00e9m de estar com todas as contribui\u00e7\u00f5es sociais e recolhimentos tribut\u00e1rios em dia, condi\u00e7\u00e3o que reflete em seriedade e compromisso p\u00fablico com a cidade de Adamantina e regi\u00e3o.<\/p>\n<p style=\"text-align: justify;\">Fonte: sigamais.com<\/p>\n","protected":false},"excerpt":{"rendered":"<p>Proeste adquire \u00e1rea \u00e0s margens da SP-294 e anuncia nova loja para Adamantina. A Proeste \u2013 concession\u00e1ria autorizada Chevrolet em Adamantina, reafirma seu compromisso com o munic\u00edpio e sua condi\u00e7\u00e3o estrat\u00e9gica para a Nova Alta Paulista, e anuncia a aquisi\u00e7\u00e3o de \u00e1rea e a constru\u00e7\u00e3o de sua sede pr\u00f3pria, que deve ser entregue ao p\u00fablico [&hellip;]<\/p>\n","protected":false},"author":1,"featured_media":10143,"comment_status":"closed","ping_status":"open","sticky":false,"template":"","format":"standard","meta":{"footnotes":""},"categories":[195,179,110],"tags":[],"class_list":["post-10138","post","type-post","status-publish","format-standard","has-post-thumbnail","hentry","category-adamantina","category-cidadeseregiao","category-noticiasdestaque"],"_links":{"self":[{"href":"https:\/\/jorgezanoni.com.br\/2019\/wp-json\/wp\/v2\/posts\/10138","targetHints":{"allow":["GET"]}}],"collection":[{"href":"https:\/\/jorgezanoni.com.br\/2019\/wp-json\/wp\/v2\/posts"}],"about":[{"href":"https:\/\/jorgezanoni.com.br\/2019\/wp-json\/wp\/v2\/types\/post"}],"author":[{"embeddable":true,"href":"https:\/\/jorgezanoni.com.br\/2019\/wp-json\/wp\/v2\/users\/1"}],"replies":[{"embeddable":true,"href":"https:\/\/jorgezanoni.com.br\/2019\/wp-json\/wp\/v2\/comments?post=10138"}],"version-history":[{"count":0,"href":"https:\/\/jorgezanoni.com.br\/2019\/wp-json\/wp\/v2\/posts\/10138\/revisions"}],"wp:featuredmedia":[{"embeddable":true,"href":"https:\/\/jorgezanoni.com.br\/2019\/wp-json\/wp\/v2\/media\/10143"}],"wp:attachment":[{"href":"https:\/\/jorgezanoni.com.br\/2019\/wp-json\/wp\/v2\/media?parent=10138"}],"wp:term":[{"taxonomy":"category","embeddable":true,"href":"https:\/\/jorgezanoni.com.br\/2019\/wp-json\/wp\/v2\/categories?post=10138"},{"taxonomy":"post_tag","embeddable":true,"href":"https:\/\/jorgezanoni.com.br\/2019\/wp-json\/wp\/v2\/tags?post=10138"}],"curies":[{"name":"wp","href":"https:\/\/api.w.org\/{rel}","templated":true}]}}