{"id":101371,"date":"2026-02-26T16:47:07","date_gmt":"2026-02-26T16:47:07","guid":{"rendered":"https:\/\/jorgezanoni.com.br\/2019\/?p=101371"},"modified":"2026-02-26T16:50:27","modified_gmt":"2026-02-26T16:50:27","slug":"roubo-a-residencia-de-tupi-paulista-faz-parte-da-operacao-domus-da-policia-civil-para-desarticular-associacao-criminosa","status":"publish","type":"post","link":"https:\/\/jorgezanoni.com.br\/2019\/roubo-a-residencia-de-tupi-paulista-faz-parte-da-operacao-domus-da-policia-civil-para-desarticular-associacao-criminosa\/","title":{"rendered":"Roubo a resid\u00eancia de Tupi Paulista faz parte da &#8220;OPERA\u00c7\u00c3O DOMUS&#8221; da Pol\u00edcia Civil para desarticular associa\u00e7\u00e3o criminosa"},"content":{"rendered":"<p style=\"text-align: justify;\"><strong>POL\u00cdCIA CIVIL DEFLAGRA \u201cOPERA\u00c7\u00c3O DOMUS\u201d PARA DESARTICULAR ASSOCIA\u00c7\u00c3O CRIMINOSA ARMADA ESPECIALIZADA EM ROUBOS A RESID\u00caNCIAS.<\/strong><\/p>\n<p style=\"text-align: justify;\">A a\u00e7\u00e3o policial visa desarticular grupo criminoso respons\u00e1vel por roubos a resid\u00eancias de alto padr\u00e3o, tendo como uma das v\u00edtimas um ex-vice-prefeito do munic\u00edpio de Tupi Paulista<\/p>\n<p style=\"text-align: justify;\">A Pol\u00edcia Civil do Estado de S\u00e3o Paulo (PCSP), por interm\u00e9dio da Delegacia de Pol\u00edcia de Tupi Paulista, com apoio operacional da Delegacia Seccional de Pol\u00edcia de Dracena, do Departamento de Pol\u00edcia Judici\u00e1ria de S\u00e3o Paulo Interior \u2013 DEINTER 8 \/ Presidente Prudente e do Departamento de Opera\u00e7\u00f5es Policiais Estrat\u00e9gicas \u2013 DOPE \/ Divis\u00e3o de Opera\u00e7\u00f5es Especiais \u2013 DOE, deflagrou na manh\u00e3 desta quinta-feira (26) a \u201cOpera\u00e7\u00e3o Domus\u201d.<\/p>\n<p style=\"text-align: justify;\">A ofensiva tem por objetivo desarticular associa\u00e7\u00e3o criminosa armada respons\u00e1vel por roubos a resid\u00eancias de alto padr\u00e3o, tendo como uma das v\u00edtimas um ex-vice-prefeito do munic\u00edpio de Tupi Paulista, em fato ocorrido em 13\/11\/2025.<\/p>\n<p style=\"text-align: justify;\">A opera\u00e7\u00e3o mobiliza 49 policiais civis e 14 viaturas do padr\u00e3o t\u00e1tico-operacional, que cumprem simultaneamente 07 mandados de pris\u00e3o tempor\u00e1ria e 08 mandados de busca e apreens\u00e3o. As dilig\u00eancias s\u00e3o realizadas nas cidades de S\u00e3o Paulo, Embu das Artes e Tabo\u00e3o da Serra, abrangendo locais estrat\u00e9gicos utilizados pelos investigados como bases operacionais e log\u00edsticas.<\/p>\n<p style=\"text-align: justify;\">A investiga\u00e7\u00e3o \u00e9 resultado de minucioso trabalho de intelig\u00eancia desenvolvido no curso do Inqu\u00e9rito Policial instaurado pela Delegacia de Pol\u00edcia de Tupi Paulista, que apura os crimes de roubo circunstanciado pelo emprego de arma de fogo (art. 157, \u00a7 2\u00ba-A, inciso I, do C\u00f3digo Penal) e associa\u00e7\u00e3o criminosa armada (art. 288, \u00a7 1\u00ba, do C\u00f3digo Penal).<\/p>\n<p style=\"text-align: justify;\">Segundo apurado, o grupo atuava de forma coordenada, utilizando armamento para intimidar as v\u00edtimas e subtrair bens de elevado valor, como joias, rel\u00f3gios de luxo e quantias significativas em dinheiro.<\/p>\n<p style=\"text-align: justify;\">A a\u00e7\u00e3o policial tem como finalidade o cumprimento das ordens judiciais, a apreens\u00e3o de objetos e dispositivos que possam comprovar a articula\u00e7\u00e3o criminosa, bem como a recupera\u00e7\u00e3o dos bens subtra\u00eddos. Um dos focos da opera\u00e7\u00e3o \u00e9 o sequestro de uma motocicleta que, conforme as investiga\u00e7\u00f5es, teria sido adquirida por um dos integrantes com recursos provenientes do roubo.<\/p>\n<p style=\"text-align: justify;\">At\u00e9 o momento, foram cumpridos quatro mandados de pris\u00e3o tempor\u00e1ria, sendo tr\u00eas em desfavor de homens com idades de 18, 27 e 31 anos, e um em desfavor de uma mulher de 32 anos<\/p>\n<p style=\"text-align: justify;\">A \u201cOpera\u00e7\u00e3o Domus\u201d- termo que significa \u201ccasa\u201d, em latim &#8211; reafirma o compromisso da Pol\u00edcia Civil na prote\u00e7\u00e3o da integridade f\u00edsica e do patrim\u00f4nio da popula\u00e7\u00e3o, especialmente diante de grupos especializados que se deslocam para o interior do Estado com o prop\u00f3sito de praticar crimes patrimoniais. A desarticula\u00e7\u00e3o deste n\u00facleo armado representa significativo impacto na estrutura financeira e operacional da organiza\u00e7\u00e3o criminosa.<\/p>\n<p style=\"text-align: justify;\">O material apreendido ser\u00e1 encaminhado \u00e0 Delegacia de Pol\u00edcia de Tupi Paulista. Os detidos, ap\u00f3s audi\u00eancia de cust\u00f3dia, permanecer\u00e3o \u00e0 disposi\u00e7\u00e3o da Justi\u00e7a pelo prazo da pris\u00e3o tempor\u00e1ria, inicialmente fixado em 30 dias, per\u00edodo necess\u00e1rio \u00e0 conclus\u00e3o das dilig\u00eancias investigativas, podendo ser posteriormente representada a convers\u00e3o em pris\u00e3o preventiva, se presentes os requisitos legais.<\/p>\n<p><img loading=\"lazy\" decoding=\"async\" class=\"alignnone size-full wp-image-101373\" src=\"https:\/\/jorgezanoni.com.br\/2019\/wp-content\/uploads\/2026\/02\/roubo1.jpg\" alt=\"\" width=\"960\" height=\"1280\" srcset=\"https:\/\/jorgezanoni.com.br\/2019\/wp-content\/uploads\/2026\/02\/roubo1.jpg 960w, https:\/\/jorgezanoni.com.br\/2019\/wp-content\/uploads\/2026\/02\/roubo1-225x300.jpg 225w, https:\/\/jorgezanoni.com.br\/2019\/wp-content\/uploads\/2026\/02\/roubo1-768x1024.jpg 768w, https:\/\/jorgezanoni.com.br\/2019\/wp-content\/uploads\/2026\/02\/roubo1-696x928.jpg 696w, https:\/\/jorgezanoni.com.br\/2019\/wp-content\/uploads\/2026\/02\/roubo1-315x420.jpg 315w\" sizes=\"auto, (max-width: 960px) 100vw, 960px\" \/><\/p>\n<p>Fonte: Comunica\u00e7\u00e3o Social Pol\u00edcia Civil<\/p>\n","protected":false},"excerpt":{"rendered":"<p>POL\u00cdCIA CIVIL DEFLAGRA \u201cOPERA\u00c7\u00c3O DOMUS\u201d PARA DESARTICULAR ASSOCIA\u00c7\u00c3O CRIMINOSA ARMADA ESPECIALIZADA EM ROUBOS A RESID\u00caNCIAS. A a\u00e7\u00e3o policial visa desarticular grupo criminoso respons\u00e1vel por roubos a resid\u00eancias de alto padr\u00e3o, tendo como uma das v\u00edtimas um ex-vice-prefeito do munic\u00edpio de Tupi Paulista A Pol\u00edcia Civil do Estado de S\u00e3o Paulo (PCSP), por interm\u00e9dio da Delegacia [&hellip;]<\/p>\n","protected":false},"author":1,"featured_media":101372,"comment_status":"closed","ping_status":"open","sticky":false,"template":"","format":"standard","meta":{"footnotes":""},"categories":[110,2],"tags":[],"class_list":["post-101371","post","type-post","status-publish","format-standard","has-post-thumbnail","hentry","category-noticiasdestaque","category-policial"],"_links":{"self":[{"href":"https:\/\/jorgezanoni.com.br\/2019\/wp-json\/wp\/v2\/posts\/101371","targetHints":{"allow":["GET"]}}],"collection":[{"href":"https:\/\/jorgezanoni.com.br\/2019\/wp-json\/wp\/v2\/posts"}],"about":[{"href":"https:\/\/jorgezanoni.com.br\/2019\/wp-json\/wp\/v2\/types\/post"}],"author":[{"embeddable":true,"href":"https:\/\/jorgezanoni.com.br\/2019\/wp-json\/wp\/v2\/users\/1"}],"replies":[{"embeddable":true,"href":"https:\/\/jorgezanoni.com.br\/2019\/wp-json\/wp\/v2\/comments?post=101371"}],"version-history":[{"count":3,"href":"https:\/\/jorgezanoni.com.br\/2019\/wp-json\/wp\/v2\/posts\/101371\/revisions"}],"predecessor-version":[{"id":101376,"href":"https:\/\/jorgezanoni.com.br\/2019\/wp-json\/wp\/v2\/posts\/101371\/revisions\/101376"}],"wp:featuredmedia":[{"embeddable":true,"href":"https:\/\/jorgezanoni.com.br\/2019\/wp-json\/wp\/v2\/media\/101372"}],"wp:attachment":[{"href":"https:\/\/jorgezanoni.com.br\/2019\/wp-json\/wp\/v2\/media?parent=101371"}],"wp:term":[{"taxonomy":"category","embeddable":true,"href":"https:\/\/jorgezanoni.com.br\/2019\/wp-json\/wp\/v2\/categories?post=101371"},{"taxonomy":"post_tag","embeddable":true,"href":"https:\/\/jorgezanoni.com.br\/2019\/wp-json\/wp\/v2\/tags?post=101371"}],"curies":[{"name":"wp","href":"https:\/\/api.w.org\/{rel}","templated":true}]}}