{"id":101333,"date":"2026-02-24T20:59:49","date_gmt":"2026-02-24T20:59:49","guid":{"rendered":"https:\/\/jorgezanoni.com.br\/2019\/?p=101333"},"modified":"2026-02-24T20:59:49","modified_gmt":"2026-02-24T20:59:49","slug":"cooperativismo-de-credito-brasileiro-consolida-crescimento-e-projeta-protagonismo-global-em-2026","status":"publish","type":"post","link":"https:\/\/jorgezanoni.com.br\/2019\/cooperativismo-de-credito-brasileiro-consolida-crescimento-e-projeta-protagonismo-global-em-2026\/","title":{"rendered":"Cooperativismo de cr\u00e9dito brasileiro consolida crescimento e projeta protagonismo global em 2026"},"content":{"rendered":"<p class=\"v1MsoNormal\" style=\"text-align: justify;\"><strong>Por Manfred Alfonso Dasenbrock*<\/strong><\/p>\n<p class=\"v1MsoNormal\" style=\"text-align: justify;\">O cooperativismo de cr\u00e9dito no Brasil vive um bom ciclo de expans\u00e3o \u2014 um movimento que vai al\u00e9m dos n\u00fameros e se reflete tamb\u00e9m na crescente presen\u00e7a do pa\u00eds nos principais f\u00f3runs internacionais do setor. Nos \u00faltimos dez anos, o segmento viu seus ativos crescerem cinco vezes, de acordo com o levantamento Panorama do Sistema Nacional de Cr\u00e9dito Cooperativo (SNCC), elaborado pelo Banco Central, e vem se consolidando como uma alternativa robusta em um mercado financeiro historicamente centralizado. Esse protagonismo nacional se projeta, ano ap\u00f3s ano, no cen\u00e1rio global, especialmente por meio da participa\u00e7\u00e3o brasileira na Confer\u00eancia Mundial das Cooperativas de Cr\u00e9dito (WCUC), que em 2026 ser\u00e1 realizada em Sydney, na Austr\u00e1lia, entre os dias 19 e 22 de julho, e j\u00e1 est\u00e1 com as inscri\u00e7\u00f5es abertas.<\/p>\n<p class=\"v1MsoNormal\" style=\"text-align: justify;\">O crescimento expressivo do modelo de cr\u00e9dito cooperativo se consolida por meio de um olhar diferente para as necessidades financeiras das pessoas, equilibrando relacionamento pr\u00f3ximo e solidez. Em 2024, o volume de ativos das cooperativas de cr\u00e9dito registrou alta de 21,1%, enquanto as capta\u00e7\u00f5es apresentaram avan\u00e7o de 21,7%, segundo o Panorama do SNCC. O levantamento ressalta tamb\u00e9m a relev\u00e2ncia do setor no financiamento de micro, pequenas e m\u00e9dias empresas (MPMEs) e sua fun\u00e7\u00e3o estrat\u00e9gica na interioriza\u00e7\u00e3o banc\u00e1ria, levando dignidade financeira para diferentes regi\u00f5es do Brasil atendidas especificamente por cooperativas de cr\u00e9dito.<\/p>\n<p class=\"v1MsoNormal\" style=\"text-align: justify;\">Em um pa\u00eds de dimens\u00f5es continentais, as cooperativas souberam entregar solu\u00e7\u00f5es financeiras completas e, acima de tudo, relevantes para as realidades locais, tendo, como exemplo, o apoio ao pequeno produtor rural e o fomento de empresas de m\u00e9dio porte. Esse momento de sucesso \u00e9 sustentado por uma estrutura regulat\u00f3ria forte e investimentos cont\u00ednuos em tecnologia e profissionaliza\u00e7\u00e3o, provando que resultados s\u00f3lidos e impacto social podem, sim, caminhar juntos.<\/p>\n<p class=\"v1MsoNormal\" style=\"text-align: justify;\"><b>A conex\u00e3o global como diferencial estrat\u00e9gico<\/b><\/p>\n<p class=\"v1MsoNormal\" style=\"text-align: justify;\">Para manter esse ritmo de evolu\u00e7\u00e3o e sustentar o crescimento consistente do cooperativismo de cr\u00e9dito, o interc\u00e2mbio internacional tem se mostrado fundamental. O engajamento com o Conselho Mundial das Cooperativas de Cr\u00e9dito (WOCCU), considerada a principal entidade mundial do setor, permite que o Brasil antecipe tend\u00eancias e aprimore sua gest\u00e3o de riscos e inova\u00e7\u00e3o. Ao participar ativamente desse ecossistema global, o cooperativismo brasileiro absorve padr\u00f5es internacionais de sustentabilidade e inclus\u00e3o, ao mesmo tempo em que fortalece sua voz e influ\u00eancia nos debates estrat\u00e9gicos do setor.<\/p>\n<p class=\"v1MsoNormal\" style=\"text-align: justify;\">O destaque brasileiro no cen\u00e1rio global do cooperativismo atingiu um novo patamar em 2025. Durante a Confer\u00eancia Mundial na Su\u00e9cia, o pa\u00eds enviou a maior delega\u00e7\u00e3o do evento, com mais de 300 lideran\u00e7as entre os 2 mil participantes de 60 na\u00e7\u00f5es. Para a WCUC 2026, em Sydney, o objetivo \u00e9 consolidar essa influ\u00eancia, reafirmando a disposi\u00e7\u00e3o do Brasil em liderar as principais agendas e discuss\u00f5es do mercado financeiro cooperativo internacional.<\/p>\n<p class=\"v1MsoNormal\" style=\"text-align: justify;\">Momentos como esse s\u00e3o essenciais tamb\u00e9m para valorizar iniciativas como a Rede Global de Jovens Profissionais (WYCUP) e a Rede Global de Lideran\u00e7as Femininas (GWLN). S\u00e3o elas que fomentam o futuro e a representatividade dentro do movimento e que comp\u00f5em parte da programa\u00e7\u00e3o do evento, al\u00e9m de serem temas que reverberam ao longo de todo o ano em institui\u00e7\u00f5es cooperativas, como \u00e9 o exemplo do Sicredi, que conta hoje com Comit\u00ea Mulher e o Comit\u00ea Jovem, iniciativas diretamente conectadas com os movimentos internacionais promovidos pelo Woccu.<\/p>\n<p class=\"v1MsoNormal\" style=\"text-align: justify;\"><b>Um chamado \u00e0s lideran\u00e7as<\/b><\/p>\n<p class=\"v1MsoNormal\" style=\"text-align: justify;\">A participa\u00e7\u00e3o dos dirigentes cooperativos brasileiros na WCUC 2026 \u00e9, portanto, uma extens\u00e3o natural desse ciclo virtuoso de crescimento. Mais do que uma oportunidade de aprendizado, trata-se de um investimento direto no fortalecimento das lideran\u00e7as e no alinhamento estrat\u00e9gico das cooperativas brasileiras com o que h\u00e1 de mais avan\u00e7ado no mundo.<\/p>\n<p class=\"v1MsoNormal\" style=\"text-align: justify;\">O futuro do cooperativismo \u00e9, invariavelmente, global e colaborativo. O crescimento observado no Brasil mostra que esse modelo est\u00e1 preparado para ocupar um papel ainda mais relevante no cen\u00e1rio internacional.<\/p>\n<p class=\"v1MsoNormal\" style=\"text-align: justify;\"><b><i>*Manfred Alfonso Dasenbrock \u00e9 diretor do Conselho Mundial das Cooperativas de Cr\u00e9dito (Woccu) e da Funda\u00e7\u00e3o Woccu e Presidente da Central Sicredi PR\/SP\/RJ<\/i><\/b><\/p>\n<p class=\"v1MsoNormal\" style=\"text-align: justify;\"><b><i>Sobre o Sicredi<\/i><\/b><i><\/i><\/p>\n<p class=\"v1MsoNormal\" style=\"text-align: justify;\"><i>O Sicredi \u00e9 uma institui\u00e7\u00e3o financeira cooperativa comprometida com o crescimento de seus associados e com o desenvolvimento das regi\u00f5es onde atua. Possui um modelo de gest\u00e3o que valoriza a participa\u00e7\u00e3o dos mais de 10 milh\u00f5es de associados, que exercem o papel de donos do neg\u00f3cio. Com mais de 3 mil ag\u00eancias, o Sicredi est\u00e1 presente fisicamente em todos os estados brasileiros e no Distrito Federal, disponibilizando uma gama completa de solu\u00e7\u00f5es financeiras e n\u00e3o financeiras.<\/i><\/p>\n<p class=\"v1MsoNormal\"><b><i>Site do Sicredi:\u00a0<a href=\"http:\/\/www.sicredi.com.br\/\" target=\"_blank\" rel=\"noopener noreferrer\">www.sicredi.com.br<\/a><\/i><\/b><\/p>\n<p class=\"v1MsoNormal\"><b><i>Redes Sociais:\u00a0<\/i><\/b><em><b><u><span lang=\"EN-US\"><a href=\"http:\/\/www.facebook.com\/sicredicentrooestepaulista\" target=\"_blank\" rel=\"noopener noreferrer\"><i><span lang=\"PT-BR\">Facebook<\/span><\/i><\/a><\/span><\/u><\/b><\/em><em>\u00a0|<\/em>\u00a0<em><b><u><span lang=\"EN-US\"><a href=\"https:\/\/www.linkedin.com\/company\/sicredi-centro-oeste-paulista\/\" target=\"_blank\" rel=\"noopener noreferrer\"><i><span lang=\"PT-BR\">LinkedIn<\/span><\/i><\/a><\/span><\/u><\/b><\/em><em>\u00a0|<\/em>\u00a0<em><b><u><span lang=\"EN-US\"><a href=\"http:\/\/www.youtube.com\/sicredicentrooestepaulista\" target=\"_blank\" rel=\"noopener noreferrer\"><i><span lang=\"PT-BR\">YouTube<\/span><\/i><\/a><\/span><\/u><\/b><\/em><span lang=\"EN-US\">\u00a0<\/span><em>|\u00a0<\/em><em><b><u><span lang=\"EN-US\"><a href=\"http:\/\/www.instagram.com\/sicredicentrooestepaulista\" target=\"_blank\" rel=\"noopener noreferrer\"><i><span lang=\"PT-BR\">Instagram<\/span><\/i><\/a><\/span><\/u><\/b><\/em><\/p>\n<p>Fonte: Comunica\u00e7\u00e3o e Marketing<\/p>\n","protected":false},"excerpt":{"rendered":"<p>Por Manfred Alfonso Dasenbrock* O cooperativismo de cr\u00e9dito no Brasil vive um bom ciclo de expans\u00e3o \u2014 um movimento que vai al\u00e9m dos n\u00fameros e se reflete tamb\u00e9m na crescente presen\u00e7a do pa\u00eds nos principais f\u00f3runs internacionais do setor. Nos \u00faltimos dez anos, o segmento viu seus ativos crescerem cinco vezes, de acordo com o [&hellip;]<\/p>\n","protected":false},"author":1,"featured_media":101334,"comment_status":"closed","ping_status":"open","sticky":false,"template":"","format":"standard","meta":{"footnotes":""},"categories":[110,116],"tags":[],"class_list":["post-101333","post","type-post","status-publish","format-standard","has-post-thumbnail","hentry","category-noticiasdestaque","category-politicaeeconomia"],"_links":{"self":[{"href":"https:\/\/jorgezanoni.com.br\/2019\/wp-json\/wp\/v2\/posts\/101333","targetHints":{"allow":["GET"]}}],"collection":[{"href":"https:\/\/jorgezanoni.com.br\/2019\/wp-json\/wp\/v2\/posts"}],"about":[{"href":"https:\/\/jorgezanoni.com.br\/2019\/wp-json\/wp\/v2\/types\/post"}],"author":[{"embeddable":true,"href":"https:\/\/jorgezanoni.com.br\/2019\/wp-json\/wp\/v2\/users\/1"}],"replies":[{"embeddable":true,"href":"https:\/\/jorgezanoni.com.br\/2019\/wp-json\/wp\/v2\/comments?post=101333"}],"version-history":[{"count":1,"href":"https:\/\/jorgezanoni.com.br\/2019\/wp-json\/wp\/v2\/posts\/101333\/revisions"}],"predecessor-version":[{"id":101335,"href":"https:\/\/jorgezanoni.com.br\/2019\/wp-json\/wp\/v2\/posts\/101333\/revisions\/101335"}],"wp:featuredmedia":[{"embeddable":true,"href":"https:\/\/jorgezanoni.com.br\/2019\/wp-json\/wp\/v2\/media\/101334"}],"wp:attachment":[{"href":"https:\/\/jorgezanoni.com.br\/2019\/wp-json\/wp\/v2\/media?parent=101333"}],"wp:term":[{"taxonomy":"category","embeddable":true,"href":"https:\/\/jorgezanoni.com.br\/2019\/wp-json\/wp\/v2\/categories?post=101333"},{"taxonomy":"post_tag","embeddable":true,"href":"https:\/\/jorgezanoni.com.br\/2019\/wp-json\/wp\/v2\/tags?post=101333"}],"curies":[{"name":"wp","href":"https:\/\/api.w.org\/{rel}","templated":true}]}}