{"id":10130,"date":"2019-10-31T23:49:26","date_gmt":"2019-10-31T23:49:26","guid":{"rendered":"https:\/\/jorgezanoni.com.br\/2019\/?p=10130"},"modified":"2019-10-31T23:49:26","modified_gmt":"2019-10-31T23:49:26","slug":"pais-pedem-doacao-para-aquisicao-de-cadeira-motorizada-para-filho","status":"publish","type":"post","link":"https:\/\/jorgezanoni.com.br\/2019\/pais-pedem-doacao-para-aquisicao-de-cadeira-motorizada-para-filho\/","title":{"rendered":"Pais pedem doa\u00e7\u00e3o para aquisi\u00e7\u00e3o de Cadeira Motorizada para filho"},"content":{"rendered":"<p style=\"text-align: justify;\">Estamos fazendo uma vaquinha para nosso filho Gustavo.<br \/>\n\u00c0queles que n\u00e3o acompanham a nossa caminhada, aos 3 meses de vida, ele foi diagnosticado com Leucomal\u00e1cia Periventricular, nos termos m\u00e9dicos, se refere a Paralisa Cerebral, classificado com n\u00edvel IV, devido a prematuridade extrema, por ter nascido de 29 semanas de gesta\u00e7\u00e3o e ter v\u00e1rias intercorrencias. Devido a essa paralisia, h\u00e1 uma les\u00e3o no c\u00e9rebro, onde veio afetar a sua coordena\u00e7\u00e3o motora e paralisando os movimentos das pernas e bra\u00e7o esquerdo.<br \/>\nPassamos em todos os m\u00e9dicos indicados, para entender essa les\u00e3o, e como ela age conforme o avan\u00e7o da idade e desenvolvimento do corpo do Gu.<br \/>\nHoje, j\u00e1 temos a resposta que todos nos perguntam a respeito do diagn\u00f3stico, o c\u00e9rebro n\u00e3o envia resposta de est\u00edmulo para suas pernas, e assim, ele n\u00e3o consegue trocar passos e nem andar de forma independente ou at\u00e9 mesmo com ajuda de andador, devido tamb\u00e9m a fraqueza muscular existente.<br \/>\n\u00c9 avaliado de 6 em 6 meses por m\u00e9dicos espec\u00edficos, faz fisioterapia todos os dias e terapias complementares onde ele \u00e9 assistido por profissionais bem capacitados, que nos auxiliam nessa caminhada.<br \/>\nTudo que \u00e9 poss\u00edvel est\u00e1 sendo feito para que ele n\u00e3o tenha dores e nem encurtamentos. Mas, a paralisia \u00e9 uma caixa de surpresas.<br \/>\nAssim, hoje venho pedir a COLABORA\u00c7\u00c3O DE TODOS para que nos ajudem a possibilitar ao nosso GU, um pouco mais de independ\u00eancia.<br \/>\nImaginem s\u00f3 a alegria dele em poder brincar e correr atr\u00e1s de seus colegas ou at\u00e9 mesmo, poder buscar \u00e1gua sozinho&#8230;<br \/>\nA realiza\u00e7\u00e3o deste SONHO depende da compra de uma CADEIRA MOTORIZADA. E ap\u00f3s muitos or\u00e7amentos, encontramos uma que atende a todas as necessidades do Gu, cujo valor \u00e9 de R$ 20.000,00 (vinte mil reais), neste valor esta inclusa as adapta\u00e7\u00f5es que teremos que fazer para o conforto e estabilidade do seu corpo.<br \/>\nRessaltamos que optamos por uma cadeira que d\u00ea para tirar as baterias, uma vez que ele \u00e9 crian\u00e7a e pela necessidade de carreg\u00e1-la no porta-malas do carro.<br \/>\nSUA DOA\u00c7\u00c3O SER\u00c1 BEM VINDA!!<br \/>\nDeixamos aqui, nossos mais sinceros agradecimentos, juntamente com a conta para o dep\u00f3sito.<br \/>\nBanco: Caixa Econ\u00f4mica Federal<br \/>\nAg\u00eancia: 0302<br \/>\nOpera\u00e7\u00e3o: 013<br \/>\nConta: 00012889-2<br \/>\nNome: Gustavo Banhara Jacon<br \/>\nCPF: 441.878.918-97<\/p>\n<p><img loading=\"lazy\" decoding=\"async\" class=\"alignnone size-full wp-image-10132\" src=\"https:\/\/jorgezanoni.com.br\/2019\/wp-content\/uploads\/2019\/10\/cadeira1.jpg\" alt=\"\" width=\"957\" height=\"960\" srcset=\"https:\/\/jorgezanoni.com.br\/2019\/wp-content\/uploads\/2019\/10\/cadeira1.jpg 957w, https:\/\/jorgezanoni.com.br\/2019\/wp-content\/uploads\/2019\/10\/cadeira1-150x150.jpg 150w, https:\/\/jorgezanoni.com.br\/2019\/wp-content\/uploads\/2019\/10\/cadeira1-300x300.jpg 300w, https:\/\/jorgezanoni.com.br\/2019\/wp-content\/uploads\/2019\/10\/cadeira1-768x770.jpg 768w, https:\/\/jorgezanoni.com.br\/2019\/wp-content\/uploads\/2019\/10\/cadeira1-696x698.jpg 696w, https:\/\/jorgezanoni.com.br\/2019\/wp-content\/uploads\/2019\/10\/cadeira1-419x420.jpg 419w\" sizes=\"auto, (max-width: 957px) 100vw, 957px\" \/> <img loading=\"lazy\" decoding=\"async\" class=\"alignnone size-full wp-image-10133\" src=\"https:\/\/jorgezanoni.com.br\/2019\/wp-content\/uploads\/2019\/10\/cadeira2.jpg\" alt=\"\" width=\"960\" height=\"720\" srcset=\"https:\/\/jorgezanoni.com.br\/2019\/wp-content\/uploads\/2019\/10\/cadeira2.jpg 960w, https:\/\/jorgezanoni.com.br\/2019\/wp-content\/uploads\/2019\/10\/cadeira2-300x225.jpg 300w, https:\/\/jorgezanoni.com.br\/2019\/wp-content\/uploads\/2019\/10\/cadeira2-768x576.jpg 768w, https:\/\/jorgezanoni.com.br\/2019\/wp-content\/uploads\/2019\/10\/cadeira2-80x60.jpg 80w, https:\/\/jorgezanoni.com.br\/2019\/wp-content\/uploads\/2019\/10\/cadeira2-265x198.jpg 265w, https:\/\/jorgezanoni.com.br\/2019\/wp-content\/uploads\/2019\/10\/cadeira2-696x522.jpg 696w, https:\/\/jorgezanoni.com.br\/2019\/wp-content\/uploads\/2019\/10\/cadeira2-560x420.jpg 560w\" sizes=\"auto, (max-width: 960px) 100vw, 960px\" \/> <img loading=\"lazy\" decoding=\"async\" class=\"alignnone size-full wp-image-10134\" src=\"https:\/\/jorgezanoni.com.br\/2019\/wp-content\/uploads\/2019\/10\/cadeira3.jpg\" alt=\"\" width=\"389\" height=\"389\" srcset=\"https:\/\/jorgezanoni.com.br\/2019\/wp-content\/uploads\/2019\/10\/cadeira3.jpg 389w, https:\/\/jorgezanoni.com.br\/2019\/wp-content\/uploads\/2019\/10\/cadeira3-150x150.jpg 150w, https:\/\/jorgezanoni.com.br\/2019\/wp-content\/uploads\/2019\/10\/cadeira3-300x300.jpg 300w\" sizes=\"auto, (max-width: 389px) 100vw, 389px\" \/> <img loading=\"lazy\" decoding=\"async\" class=\"alignnone size-full wp-image-10135\" src=\"https:\/\/jorgezanoni.com.br\/2019\/wp-content\/uploads\/2019\/10\/cadeira4.jpg\" alt=\"\" width=\"761\" height=\"538\" srcset=\"https:\/\/jorgezanoni.com.br\/2019\/wp-content\/uploads\/2019\/10\/cadeira4.jpg 761w, https:\/\/jorgezanoni.com.br\/2019\/wp-content\/uploads\/2019\/10\/cadeira4-300x212.jpg 300w, https:\/\/jorgezanoni.com.br\/2019\/wp-content\/uploads\/2019\/10\/cadeira4-100x70.jpg 100w, https:\/\/jorgezanoni.com.br\/2019\/wp-content\/uploads\/2019\/10\/cadeira4-696x492.jpg 696w, https:\/\/jorgezanoni.com.br\/2019\/wp-content\/uploads\/2019\/10\/cadeira4-594x420.jpg 594w\" sizes=\"auto, (max-width: 761px) 100vw, 761px\" \/><\/p>\n","protected":false},"excerpt":{"rendered":"<p>Estamos fazendo uma vaquinha para nosso filho Gustavo. \u00c0queles que n\u00e3o acompanham a nossa caminhada, aos 3 meses de vida, ele foi diagnosticado com Leucomal\u00e1cia Periventricular, nos termos m\u00e9dicos, se refere a Paralisa Cerebral, classificado com n\u00edvel IV, devido a prematuridade extrema, por ter nascido de 29 semanas de gesta\u00e7\u00e3o e ter v\u00e1rias intercorrencias. Devido [&hellip;]<\/p>\n","protected":false},"author":1,"featured_media":10131,"comment_status":"closed","ping_status":"open","sticky":false,"template":"","format":"standard","meta":{"footnotes":""},"categories":[118],"tags":[],"class_list":["post-10130","post","type-post","status-publish","format-standard","has-post-thumbnail","hentry","category-religiaoesolidariedade"],"_links":{"self":[{"href":"https:\/\/jorgezanoni.com.br\/2019\/wp-json\/wp\/v2\/posts\/10130","targetHints":{"allow":["GET"]}}],"collection":[{"href":"https:\/\/jorgezanoni.com.br\/2019\/wp-json\/wp\/v2\/posts"}],"about":[{"href":"https:\/\/jorgezanoni.com.br\/2019\/wp-json\/wp\/v2\/types\/post"}],"author":[{"embeddable":true,"href":"https:\/\/jorgezanoni.com.br\/2019\/wp-json\/wp\/v2\/users\/1"}],"replies":[{"embeddable":true,"href":"https:\/\/jorgezanoni.com.br\/2019\/wp-json\/wp\/v2\/comments?post=10130"}],"version-history":[{"count":0,"href":"https:\/\/jorgezanoni.com.br\/2019\/wp-json\/wp\/v2\/posts\/10130\/revisions"}],"wp:featuredmedia":[{"embeddable":true,"href":"https:\/\/jorgezanoni.com.br\/2019\/wp-json\/wp\/v2\/media\/10131"}],"wp:attachment":[{"href":"https:\/\/jorgezanoni.com.br\/2019\/wp-json\/wp\/v2\/media?parent=10130"}],"wp:term":[{"taxonomy":"category","embeddable":true,"href":"https:\/\/jorgezanoni.com.br\/2019\/wp-json\/wp\/v2\/categories?post=10130"},{"taxonomy":"post_tag","embeddable":true,"href":"https:\/\/jorgezanoni.com.br\/2019\/wp-json\/wp\/v2\/tags?post=10130"}],"curies":[{"name":"wp","href":"https:\/\/api.w.org\/{rel}","templated":true}]}}