{"id":10124,"date":"2019-10-31T23:36:47","date_gmt":"2019-10-31T23:36:47","guid":{"rendered":"https:\/\/jorgezanoni.com.br\/2019\/?p=10124"},"modified":"2019-10-31T23:36:47","modified_gmt":"2019-10-31T23:36:47","slug":"parque-estadual-rio-do-peixe-e-pm-ambiental-fiscalizam-unidade-de-conservacao","status":"publish","type":"post","link":"https:\/\/jorgezanoni.com.br\/2019\/parque-estadual-rio-do-peixe-e-pm-ambiental-fiscalizam-unidade-de-conservacao\/","title":{"rendered":"Parque Estadual Rio do Peixe e PM Ambiental fiscalizam unidade de conserva\u00e7\u00e3o"},"content":{"rendered":"<div class=\"entry-header\">\n<h3 class=\"sma_subtitulo\" style=\"text-align: justify;\"><strong>N\u00e3o foi registrado nenhum crime ambiental, por\u00e9m a\u00e7\u00f5es como essa s\u00e3o de suma import\u00e2ncia para a conscientiza\u00e7\u00e3o da popula\u00e7\u00e3o vizinha do Parque.<\/strong><\/h3>\n<p><img loading=\"lazy\" decoding=\"async\" class=\"alignnone size-full wp-image-10128\" src=\"https:\/\/jorgezanoni.com.br\/2019\/wp-content\/uploads\/2019\/10\/rio-1.jpg\" alt=\"\" width=\"1024\" height=\"768\" srcset=\"https:\/\/jorgezanoni.com.br\/2019\/wp-content\/uploads\/2019\/10\/rio-1.jpg 1024w, https:\/\/jorgezanoni.com.br\/2019\/wp-content\/uploads\/2019\/10\/rio-1-300x225.jpg 300w, https:\/\/jorgezanoni.com.br\/2019\/wp-content\/uploads\/2019\/10\/rio-1-768x576.jpg 768w, https:\/\/jorgezanoni.com.br\/2019\/wp-content\/uploads\/2019\/10\/rio-1-80x60.jpg 80w, https:\/\/jorgezanoni.com.br\/2019\/wp-content\/uploads\/2019\/10\/rio-1-265x198.jpg 265w, https:\/\/jorgezanoni.com.br\/2019\/wp-content\/uploads\/2019\/10\/rio-1-696x522.jpg 696w, https:\/\/jorgezanoni.com.br\/2019\/wp-content\/uploads\/2019\/10\/rio-1-560x420.jpg 560w\" sizes=\"auto, (max-width: 1024px) 100vw, 1024px\" \/><\/p>\n<\/div>\n<p style=\"text-align: justify;\">O<strong>\u00a0Parque Estadual Rio do Peixe<\/strong>\u00a0realizou no dia 23 de outubro uma opera\u00e7\u00e3o conjunta com a Pol\u00edcia Militar Ambiental que cobriu toda a \u00e1rea do parque e sua zona de amortecimento. A fiscaliza\u00e7\u00e3o teve por objetivo coibir fatores de press\u00e3o, como a ca\u00e7a e a pesca, sobre a Unidade de Conserva\u00e7\u00e3o e, tamb\u00e9m, orientar a popula\u00e7\u00e3o que vive no entorno do parque.<\/p>\n<p style=\"text-align: justify;\">A atividade foi coordenada pelo gestor do PE Rio do Peixe, Jeferson Bolzan e contou com a participa\u00e7\u00e3o de 10 policiais militares ambientais baseados nos munic\u00edpios de Presidente Prudente e Dracena e quatro vigilantes da UC.<\/p>\n<p><img loading=\"lazy\" decoding=\"async\" class=\"alignnone size-full wp-image-10127\" src=\"https:\/\/jorgezanoni.com.br\/2019\/wp-content\/uploads\/2019\/10\/rio2.jpg\" alt=\"\" width=\"1024\" height=\"768\" srcset=\"https:\/\/jorgezanoni.com.br\/2019\/wp-content\/uploads\/2019\/10\/rio2.jpg 1024w, https:\/\/jorgezanoni.com.br\/2019\/wp-content\/uploads\/2019\/10\/rio2-300x225.jpg 300w, https:\/\/jorgezanoni.com.br\/2019\/wp-content\/uploads\/2019\/10\/rio2-768x576.jpg 768w, https:\/\/jorgezanoni.com.br\/2019\/wp-content\/uploads\/2019\/10\/rio2-80x60.jpg 80w, https:\/\/jorgezanoni.com.br\/2019\/wp-content\/uploads\/2019\/10\/rio2-265x198.jpg 265w, https:\/\/jorgezanoni.com.br\/2019\/wp-content\/uploads\/2019\/10\/rio2-696x522.jpg 696w, https:\/\/jorgezanoni.com.br\/2019\/wp-content\/uploads\/2019\/10\/rio2-560x420.jpg 560w\" sizes=\"auto, (max-width: 1024px) 100vw, 1024px\" \/><\/p>\n<p style=\"text-align: justify;\">A opera\u00e7\u00e3o teve in\u00edcio \u00e0s 7h e prosseguiu at\u00e9 a meia-noite. Foram utilizadas diversas viaturas, al\u00e9m de embarca\u00e7\u00f5es que percorreram todo o trajeto do Rio do Peixe inserido na UC. Um drone realizou sobrevoos nos locais de dif\u00edcil acesso e captou imagens em grande escala que servir\u00e3o para divulga\u00e7\u00e3o do PE Rio do Peixe.<\/p>\n<p style=\"text-align: justify;\">\u201cFelizmente, a equipe n\u00e3o registrou nenhum crime ambiental\u201d, comenta o gestor Jeferson Bolzan. Ele ressalta ainda que a\u00e7\u00f5es como essa s\u00e3o de suma import\u00e2ncia para a conscientiza\u00e7\u00e3o dos visitantes e da popula\u00e7\u00e3o vizinha do Parque.<\/p>\n<p style=\"text-align: justify;\"><strong>PE Rio do Peixe<\/strong><\/p>\n<p style=\"text-align: justify;\">A \u00e1rea delimitada como PE Rio do Peixe abrange munic\u00edpios que possuem o rio como limite territorial: Ouro Verde, Dracena, Presidente Venceslau, Piquerobi. Criado em 2002, com 7.720 ha, \u00e9 fruto de compensa\u00e7\u00e3o ambiental em raz\u00e3o dos impactos decorrentes da forma\u00e7\u00e3o do lago da Usina Engenheiro S\u00e9rgio Motta.<\/p>\n<p style=\"text-align: justify;\">Juntamente com o PE Aguape\u00ed, a Unidade de Conserva\u00e7\u00e3o cumpre a fun\u00e7\u00e3o de preservar os \u00faltimos trechos de ecossistemas de v\u00e1rzeas, que existiam em grande parte dos rios paulistas que desembocavam no rio Paran\u00e1.<\/p>\n<p style=\"text-align: justify;\">Com caracter\u00edsticas semelhantes ao Pantanal, esse trecho do rio do Peixe \u00e9 conhecido como: \u2018Pantaninho Paulista\u2019. \u00c9 ainda um dos \u00faltimos locais em S\u00e3o Paulo onde reside o cervo-do-pantanal\u00a0<em>(Blastocerus dichotomus),<\/em>\u00a0mam\u00edfero ruminante, encontrado em p\u00e2ntanos de alta vegeta\u00e7\u00e3o. S\u00e3o os maiores veados da Am\u00e9rica do Sul, chegando a medir a 2 metros de comprimento.<\/p>\n<p style=\"text-align: justify;\">A avifauna do Parque \u00e9 muito rica, existindo v\u00e1rias esp\u00e9cies amea\u00e7adas de extin\u00e7\u00e3o. O destaque vai para a Anhuma, cientificamente pouco estudada.<\/p>\n<p style=\"text-align: justify;\">Munic\u00edpio: Dracena<br \/>\nRodovia Euclides Figueiredo (SP-563), km 111 \u2013 Bairro Distrito Industrial<br \/>\nFone: (18) 3841-3419<br \/>\nE-mail:\u00a0<a href=\"mailto:pe.riodopeixe@fflorestal.sp.gov.br\">pe.riodopeixe@fflorestal.sp.gov.br<\/a><\/p>\n","protected":false},"excerpt":{"rendered":"<p>N\u00e3o foi registrado nenhum crime ambiental, por\u00e9m a\u00e7\u00f5es como essa s\u00e3o de suma import\u00e2ncia para a conscientiza\u00e7\u00e3o da popula\u00e7\u00e3o vizinha do Parque. O\u00a0Parque Estadual Rio do Peixe\u00a0realizou no dia 23 de outubro uma opera\u00e7\u00e3o conjunta com a Pol\u00edcia Militar Ambiental que cobriu toda a \u00e1rea do parque e sua zona de amortecimento. A fiscaliza\u00e7\u00e3o teve [&hellip;]<\/p>\n","protected":false},"author":1,"featured_media":10126,"comment_status":"closed","ping_status":"open","sticky":false,"template":"","format":"standard","meta":{"footnotes":""},"categories":[176,110],"tags":[],"class_list":["post-10124","post","type-post","status-publish","format-standard","has-post-thumbnail","hentry","category-meioambienteeagricultura","category-noticiasdestaque"],"_links":{"self":[{"href":"https:\/\/jorgezanoni.com.br\/2019\/wp-json\/wp\/v2\/posts\/10124","targetHints":{"allow":["GET"]}}],"collection":[{"href":"https:\/\/jorgezanoni.com.br\/2019\/wp-json\/wp\/v2\/posts"}],"about":[{"href":"https:\/\/jorgezanoni.com.br\/2019\/wp-json\/wp\/v2\/types\/post"}],"author":[{"embeddable":true,"href":"https:\/\/jorgezanoni.com.br\/2019\/wp-json\/wp\/v2\/users\/1"}],"replies":[{"embeddable":true,"href":"https:\/\/jorgezanoni.com.br\/2019\/wp-json\/wp\/v2\/comments?post=10124"}],"version-history":[{"count":0,"href":"https:\/\/jorgezanoni.com.br\/2019\/wp-json\/wp\/v2\/posts\/10124\/revisions"}],"wp:featuredmedia":[{"embeddable":true,"href":"https:\/\/jorgezanoni.com.br\/2019\/wp-json\/wp\/v2\/media\/10126"}],"wp:attachment":[{"href":"https:\/\/jorgezanoni.com.br\/2019\/wp-json\/wp\/v2\/media?parent=10124"}],"wp:term":[{"taxonomy":"category","embeddable":true,"href":"https:\/\/jorgezanoni.com.br\/2019\/wp-json\/wp\/v2\/categories?post=10124"},{"taxonomy":"post_tag","embeddable":true,"href":"https:\/\/jorgezanoni.com.br\/2019\/wp-json\/wp\/v2\/tags?post=10124"}],"curies":[{"name":"wp","href":"https:\/\/api.w.org\/{rel}","templated":true}]}}