{"id":101146,"date":"2026-02-10T21:31:07","date_gmt":"2026-02-10T21:31:07","guid":{"rendered":"https:\/\/jorgezanoni.com.br\/2019\/?p=101146"},"modified":"2026-02-10T21:31:07","modified_gmt":"2026-02-10T21:31:07","slug":"predio-onde-esta-instalado-o-poupatempo-de-dracena-passa-a-se-chamar-predio-publico-municipal-jose-antonio-pedretti","status":"publish","type":"post","link":"https:\/\/jorgezanoni.com.br\/2019\/predio-onde-esta-instalado-o-poupatempo-de-dracena-passa-a-se-chamar-predio-publico-municipal-jose-antonio-pedretti\/","title":{"rendered":"Pr\u00e9dio onde est\u00e1 instalado o Poupatempo de Dracena passa a se chamar \u201cPr\u00e9dio P\u00fablico Municipal Jos\u00e9 Antonio Pedretti\u201d"},"content":{"rendered":"<p style=\"text-align: justify;\"><strong><em>2\u00aa sess\u00e3o ordin\u00e1ria aprovou ainda denomina\u00e7\u00f5es de ruas, repasses do Fundo do Idoso, cr\u00e9dito de R$ 846 mil para a sa\u00fade e evolu\u00e7\u00e3o funcional de servidores.<\/em><\/strong><\/p>\n<p style=\"text-align: justify;\">A C\u00e2mara Municipal de Dracena realizou, na noite desta segunda-feira, 9 de fevereiro, a 2\u00aa sess\u00e3o ordin\u00e1ria de 2026, com a aprova\u00e7\u00e3o em vota\u00e7\u00e3o \u00fanica de cinco projetos inclu\u00eddos na Ordem do Dia.<\/p>\n<p style=\"text-align: justify;\">Dois projetos de autoria do Legislativo trataram de denomina\u00e7\u00e3o de espa\u00e7os p\u00fablicos. O Projeto de Lei n\u00ba 1\/2026, de autoria do vereador Lourival Alves, denominou o pr\u00e9dio p\u00fablico municipal destinado ao funcionamento do Poupatempo de \u201cPr\u00e9dio P\u00fablico Municipal do Poupatempo de Dracena \u2014 Jos\u00e9 Antonio Pedretti\u201d.<\/p>\n<p style=\"text-align: justify;\">J\u00e1 o Projeto de Lei n\u00ba 6\/2026, assinado pelos vereadores Danilo Ledo, Edivaldo Caetano, Milton Polon e Victor Palhares, disp\u00f4s sobre a denomina\u00e7\u00e3o de ruas no Loteamento Residencial Nobre Ville: \u201cRua Zabel Gussoni Pereira\u201d, \u201cRua Jo\u00e3o Carlos Pereira\u201d, \u201cRua Elisaldo Chacon\u201d e \u201cRua Professor Valter Jo\u00e3o Rizzi\u201d.<\/p>\n<p style=\"text-align: justify;\">Em regime de urg\u00eancia, foram aprovadas duas mat\u00e9rias de autoria do Poder Executivo. O Projeto de Lei n\u00ba 8\/2026 autoriza o repasse de recursos do Fundo Municipal dos Direitos do Idoso a Organiza\u00e7\u00f5es da Sociedade Civil, contemplando as entidades Grupo da Terceira Idade Conviver, APAE de Dracena, Casa dos Velhos \u201cObra Unida da Sociedade S\u00e3o Vicente de Paulo\u201d e Lar Beneficente S\u00e3 Doutrina Espiritual do S\u00e9timo Dia.<\/p>\n<p>Tamb\u00e9m foi aprovado o Projeto de Lei n\u00ba 9\/2026 que autoriza a abertura de cr\u00e9dito adicional especial no or\u00e7amento vigente, no valor de R$ 846 mil, destinado \u00e0 execu\u00e7\u00e3o de emendas parlamentares estaduais para aquisi\u00e7\u00e3o de ambul\u00e2ncias e equipamentos para o Pronto Atendimento Municipal e \u00e0 aplica\u00e7\u00e3o de recursos federais para compra de equipamentos de Sa\u00fade Bucal.<\/p>\n<p style=\"text-align: justify;\">Por \u00faltimo, foi aprovado o Projeto de Lei n\u00ba 7\/2026, de autoria da Mesa Diretora da C\u00e2mara Municipal de Dracena, que trata do reconhecimento dos direitos \u00e0 evolu\u00e7\u00e3o funcional dos servidores da Casa, no per\u00edodo de 27 de maio de 2020 a 31 de dezembro de 2021, conforme a Lei Complementar Federal n\u00ba 226, de 12 de janeiro de 2026.<\/p>\n<p style=\"text-align: justify;\">Al\u00e9m das vota\u00e7\u00f5es, os vereadores apresentaram ainda 36 requerimentos e 26 indica\u00e7\u00f5es com pedidos de informa\u00e7\u00f5es e solicita\u00e7\u00f5es de melhorias e servi\u00e7os ao Executivo.<\/p>\n<p style=\"text-align: justify;\">Devido aos pontos facultativos de Carnaval, a pr\u00f3xima sess\u00e3o ordin\u00e1ria foi agendada para quarta-feira, 18 de fevereiro, a partir das 20h. A \u00edntegra dos projetos e a tramita\u00e7\u00e3o das mat\u00e9rias podem ser consultadas no site da C\u00e2mara: dracena.sp.leg.br.<\/p>\n<p>Fonte: C\u00e2mera Municipal<\/p>\n","protected":false},"excerpt":{"rendered":"<p>2\u00aa sess\u00e3o ordin\u00e1ria aprovou ainda denomina\u00e7\u00f5es de ruas, repasses do Fundo do Idoso, cr\u00e9dito de R$ 846 mil para a sa\u00fade e evolu\u00e7\u00e3o funcional de servidores. A C\u00e2mara Municipal de Dracena realizou, na noite desta segunda-feira, 9 de fevereiro, a 2\u00aa sess\u00e3o ordin\u00e1ria de 2026, com a aprova\u00e7\u00e3o em vota\u00e7\u00e3o \u00fanica de cinco projetos inclu\u00eddos [&hellip;]<\/p>\n","protected":false},"author":1,"featured_media":101147,"comment_status":"closed","ping_status":"open","sticky":false,"template":"","format":"standard","meta":{"footnotes":""},"categories":[110,116],"tags":[],"class_list":["post-101146","post","type-post","status-publish","format-standard","has-post-thumbnail","hentry","category-noticiasdestaque","category-politicaeeconomia"],"_links":{"self":[{"href":"https:\/\/jorgezanoni.com.br\/2019\/wp-json\/wp\/v2\/posts\/101146","targetHints":{"allow":["GET"]}}],"collection":[{"href":"https:\/\/jorgezanoni.com.br\/2019\/wp-json\/wp\/v2\/posts"}],"about":[{"href":"https:\/\/jorgezanoni.com.br\/2019\/wp-json\/wp\/v2\/types\/post"}],"author":[{"embeddable":true,"href":"https:\/\/jorgezanoni.com.br\/2019\/wp-json\/wp\/v2\/users\/1"}],"replies":[{"embeddable":true,"href":"https:\/\/jorgezanoni.com.br\/2019\/wp-json\/wp\/v2\/comments?post=101146"}],"version-history":[{"count":1,"href":"https:\/\/jorgezanoni.com.br\/2019\/wp-json\/wp\/v2\/posts\/101146\/revisions"}],"predecessor-version":[{"id":101148,"href":"https:\/\/jorgezanoni.com.br\/2019\/wp-json\/wp\/v2\/posts\/101146\/revisions\/101148"}],"wp:featuredmedia":[{"embeddable":true,"href":"https:\/\/jorgezanoni.com.br\/2019\/wp-json\/wp\/v2\/media\/101147"}],"wp:attachment":[{"href":"https:\/\/jorgezanoni.com.br\/2019\/wp-json\/wp\/v2\/media?parent=101146"}],"wp:term":[{"taxonomy":"category","embeddable":true,"href":"https:\/\/jorgezanoni.com.br\/2019\/wp-json\/wp\/v2\/categories?post=101146"},{"taxonomy":"post_tag","embeddable":true,"href":"https:\/\/jorgezanoni.com.br\/2019\/wp-json\/wp\/v2\/tags?post=101146"}],"curies":[{"name":"wp","href":"https:\/\/api.w.org\/{rel}","templated":true}]}}