{"id":101100,"date":"2026-02-07T16:59:47","date_gmt":"2026-02-07T16:59:47","guid":{"rendered":"https:\/\/jorgezanoni.com.br\/2019\/?p=101100"},"modified":"2026-02-07T16:59:47","modified_gmt":"2026-02-07T16:59:47","slug":"sicredi-e-destaque-no-top-5-de-projecoes-economicas-do-banco-central","status":"publish","type":"post","link":"https:\/\/jorgezanoni.com.br\/2019\/sicredi-e-destaque-no-top-5-de-projecoes-economicas-do-banco-central\/","title":{"rendered":"Sicredi\u00a0\u00e9 destaque no Top 5 de proje\u00e7\u00f5es econ\u00f4micas do Banco Central"},"content":{"rendered":"<p class=\"v1MsoNormal\" style=\"text-align: justify;\" align=\"center\"><strong><i>Institui\u00e7\u00e3o financeira cooperativa lidera ranking para vari\u00e1veis fiscais de longo prazo e tem Sicredi Asset entre as tr\u00eas melhores nas estimativas da Selic de curto prazo.<\/i><\/strong><\/p>\n<p class=\"v1MsoNormal\" style=\"text-align: justify;\">O Sicredi obteve posi\u00e7\u00f5es de destaque no\u00a0<b>Ranking Top 5 do Banco Central<\/b>.\u00a0A institui\u00e7\u00e3o financeira cooperativa conquistou o\u00a01\u00ba\u00a0lugar na categoria Fiscal Cesta (longo\u00a0prazo \u2013 ano corrente). Esse ranking inclui an\u00e1lise de vari\u00e1veis fiscais como resultado prim\u00e1rio, resultado nominal, d\u00edvida l\u00edquida do setor p\u00fablico e d\u00edvida bruta do governo federal.\u00a0A Sicredi\u00a0Asset\u00a0tamb\u00e9m se destacou ao alcan\u00e7ar o\u00a03\u00ba\u00a0lugar na categoria Selic\u00a0curto\u00a0prazo anual.<\/p>\n<p class=\"v1MsoNormal\" style=\"text-align: justify;\">Na avalia\u00e7\u00e3o de\u00a0Andr\u00e9 Nunes de Nunes, economista-chefe do Sicredi, o resultado \u00e9 um reconhecimento \u00e0 complexidade do trabalho anal\u00edtico envolvido. &#8220;A conquista do primeiro lugar \u00e9 especialmente relevante, pois\u00a0essa categoria\u00a0combina an\u00e1lise estat\u00edstica com uma leitura aprofundada da legisla\u00e7\u00e3o or\u00e7ament\u00e1ria e tribut\u00e1ria, que passou por mudan\u00e7as significativas nos \u00faltimos anos&#8221;, afirma.<\/p>\n<p class=\"v1MsoNormal\" style=\"text-align: justify;\">Para Filipe\u00a0Stona, economista-chefe da Sicredi\u00a0Asset, a posi\u00e7\u00e3o de destaque da gestora de recursos da institui\u00e7\u00e3o tamb\u00e9m refor\u00e7a o compromisso com a qualidade t\u00e9cnica das an\u00e1lises. &#8220;Esse desempenho evidencia nossa dedica\u00e7\u00e3o em produzir proje\u00e7\u00f5es consistentes para o cen\u00e1rio macroecon\u00f4mico, contribuindo para a tomada de risco dos nossos gestores de fundos de investimentos&#8221;, destaca.<\/p>\n<p class=\"v1MsoNormal\" style=\"text-align: justify;\">O\u00a0Ranking Top 5 do Banco Central\u00a0classifica as institui\u00e7\u00f5es que mais acertam as proje\u00e7\u00f5es das principais vari\u00e1veis macroecon\u00f4micas divulgadas no Relat\u00f3rio Focus. O objetivo \u00e9 estimular a qualidade das estimativas e reconhecer a consist\u00eancia anal\u00edtica do mercado.<\/p>\n<p class=\"v1MsoNormal\" style=\"text-align: justify;\">Os rankings anuais de curto e m\u00e9dio prazos avaliam a consist\u00eancia das institui\u00e7\u00f5es nos respectivos rankings mensais e trimestrais, de curto e m\u00e9dio prazos. J\u00e1\u00a0os rankings anuais\u00a0de\u00a0longo prazo\u00a0consideram\u00a0a precis\u00e3o das proje\u00e7\u00f5es informadas,\u00a0em cada um dos 12 meses do ano,\u00a0para os indicadores anuais do ano corrente e do ano seguinte.<\/p>\n<p class=\"v1MsoNormal\" style=\"text-align: justify;\"><b><i>Sobre o Sicredi<\/i><\/b><i><\/i><\/p>\n<p class=\"v1MsoNormal\" style=\"text-align: justify;\"><i>O Sicredi \u00e9 uma institui\u00e7\u00e3o financeira cooperativa comprometida com o crescimento de seus associados e com o desenvolvimento das regi\u00f5es onde atua. Possui um modelo de gest\u00e3o que valoriza a participa\u00e7\u00e3o dos mais de 9,5 milh\u00f5es de associados, que exercem o papel de donos do neg\u00f3cio. Com mais de 3 mil ag\u00eancias, o Sicredi est\u00e1 presente fisicamente em todos os estados brasileiros e no Distrito Federal, disponibilizando uma gama completa de solu\u00e7\u00f5es financeiras e n\u00e3o financeiras.<\/i><\/p>\n<p class=\"v1MsoNormal\"><b><i>Site do Sicredi:\u00a0<a href=\"http:\/\/www.sicredi.com.br\/\" target=\"_blank\" rel=\"noopener noreferrer\">www.sicredi.com.br<\/a><\/i><\/b><\/p>\n<p class=\"v1MsoNormal\"><b><i>Redes Sociais:\u00a0<\/i><\/b><em><b><u><span lang=\"EN-US\"><a href=\"http:\/\/www.facebook.com\/sicredicentrooestepaulista\" target=\"_blank\" rel=\"noopener noreferrer\"><i><span lang=\"PT-BR\">Facebook<\/span><\/i><\/a><\/span><\/u><\/b><\/em><em>\u00a0|<\/em>\u00a0<em><b><u><span lang=\"EN-US\"><a href=\"https:\/\/www.linkedin.com\/company\/sicredi-centro-oeste-paulista\/\" target=\"_blank\" rel=\"noopener noreferrer\"><i><span lang=\"PT-BR\">LinkedIn<\/span><\/i><\/a><\/span><\/u><\/b><\/em><em>\u00a0|<\/em>\u00a0<em><b><u><span lang=\"EN-US\"><a href=\"http:\/\/www.youtube.com\/sicredicentrooestepaulista\" target=\"_blank\" rel=\"noopener noreferrer\"><i><span lang=\"PT-BR\">YouTube<\/span><\/i><\/a><\/span><\/u><\/b><\/em><span lang=\"EN-US\">\u00a0<\/span><em>|\u00a0<\/em><em><b><u><span lang=\"EN-US\"><a href=\"http:\/\/www.instagram.com\/sicredicentrooestepaulista\" target=\"_blank\" rel=\"noopener noreferrer\"><i><span lang=\"PT-BR\">Instagram<\/span><\/i><\/a><\/span><\/u><\/b><\/em><\/p>\n<p>Fonte: Comunica\u00e7\u00e3o e Marketing<\/p>\n","protected":false},"excerpt":{"rendered":"<p>Institui\u00e7\u00e3o financeira cooperativa lidera ranking para vari\u00e1veis fiscais de longo prazo e tem Sicredi Asset entre as tr\u00eas melhores nas estimativas da Selic de curto prazo. O Sicredi obteve posi\u00e7\u00f5es de destaque no\u00a0Ranking Top 5 do Banco Central.\u00a0A institui\u00e7\u00e3o financeira cooperativa conquistou o\u00a01\u00ba\u00a0lugar na categoria Fiscal Cesta (longo\u00a0prazo \u2013 ano corrente). Esse ranking inclui an\u00e1lise [&hellip;]<\/p>\n","protected":false},"author":1,"featured_media":101101,"comment_status":"closed","ping_status":"open","sticky":false,"template":"","format":"standard","meta":{"footnotes":""},"categories":[110,116],"tags":[],"class_list":["post-101100","post","type-post","status-publish","format-standard","has-post-thumbnail","hentry","category-noticiasdestaque","category-politicaeeconomia"],"_links":{"self":[{"href":"https:\/\/jorgezanoni.com.br\/2019\/wp-json\/wp\/v2\/posts\/101100","targetHints":{"allow":["GET"]}}],"collection":[{"href":"https:\/\/jorgezanoni.com.br\/2019\/wp-json\/wp\/v2\/posts"}],"about":[{"href":"https:\/\/jorgezanoni.com.br\/2019\/wp-json\/wp\/v2\/types\/post"}],"author":[{"embeddable":true,"href":"https:\/\/jorgezanoni.com.br\/2019\/wp-json\/wp\/v2\/users\/1"}],"replies":[{"embeddable":true,"href":"https:\/\/jorgezanoni.com.br\/2019\/wp-json\/wp\/v2\/comments?post=101100"}],"version-history":[{"count":1,"href":"https:\/\/jorgezanoni.com.br\/2019\/wp-json\/wp\/v2\/posts\/101100\/revisions"}],"predecessor-version":[{"id":101102,"href":"https:\/\/jorgezanoni.com.br\/2019\/wp-json\/wp\/v2\/posts\/101100\/revisions\/101102"}],"wp:featuredmedia":[{"embeddable":true,"href":"https:\/\/jorgezanoni.com.br\/2019\/wp-json\/wp\/v2\/media\/101101"}],"wp:attachment":[{"href":"https:\/\/jorgezanoni.com.br\/2019\/wp-json\/wp\/v2\/media?parent=101100"}],"wp:term":[{"taxonomy":"category","embeddable":true,"href":"https:\/\/jorgezanoni.com.br\/2019\/wp-json\/wp\/v2\/categories?post=101100"},{"taxonomy":"post_tag","embeddable":true,"href":"https:\/\/jorgezanoni.com.br\/2019\/wp-json\/wp\/v2\/tags?post=101100"}],"curies":[{"name":"wp","href":"https:\/\/api.w.org\/{rel}","templated":true}]}}