{"id":101044,"date":"2026-02-04T21:24:26","date_gmt":"2026-02-04T21:24:26","guid":{"rendered":"https:\/\/jorgezanoni.com.br\/2019\/?p=101044"},"modified":"2026-02-04T21:24:26","modified_gmt":"2026-02-04T21:24:26","slug":"trabalhador-morre-em-acidente-de-trabalho-na-rua-da-feira-em-dracena","status":"publish","type":"post","link":"https:\/\/jorgezanoni.com.br\/2019\/trabalhador-morre-em-acidente-de-trabalho-na-rua-da-feira-em-dracena\/","title":{"rendered":"Trabalhador morre em acidente de trabalho na Rua da Feira em Dracena"},"content":{"rendered":"<p style=\"text-align: justify;\"><strong>Israel Pereira da Silva (Real) de 58 anos, foi a v\u00edtima fatal de acidente de trabalho registrado na Avenida Rui Barbosa entre as Ruas Euclides da Cunha e Duque de Caxias em Dracena.<\/strong><\/p>\n<p style=\"text-align: justify;\">Rael como era chamado, \u00e9 funcion\u00e1rio da EMDAEP (Empresa Municipal de Desenvolvimento, \u00c1gua e Pavimenta\u00e7\u00e3o) e trabalhava em uma obra de reparo no sistema de escoamento de esgoto, juntamente com outros colegas. Ele acabou sendo soterrado enquanto acontecia a execu\u00e7\u00e3o de servi\u00e7os de escava\u00e7\u00e3o no local.<\/p>\n<p style=\"text-align: justify;\">Equipe do Corpo de Bombeiros foi chamada para atender a ocorr\u00eancia e realizou o resgate da v\u00edtima. De acordo com informa\u00e7\u00f5es repassadas pela corpora\u00e7\u00e3o, Israel foi retirado dos escombros e encaminhado ao PAM (Pronto Atendimento Municipal) em parada cardiorrespirat\u00f3ria (PCR). Apesar das tentativas de reanima\u00e7\u00e3o, ele n\u00e3o resistiu aos ferimentos e teve o \u00f3bito confirmado.<\/p>\n<p style=\"text-align: justify;\">A Pol\u00edcia Militar e Cient\u00edfica estiveram no local para a realiza\u00e7\u00e3o da per\u00edcia t\u00e9cnica, que ir\u00e1 apurar as circunst\u00e2ncias e poss\u00edveis causas do acidente. Segundo informa\u00e7\u00f5es preliminares, a escava\u00e7\u00e3o onde ocorreu o soterramento possu\u00eda aproximadamente tr\u00eas metros de profundidade e cerca de cinco metros de largura. O local apresenta problemas constantemente de longa data.<\/p>\n<p style=\"text-align: justify;\">O caso ser\u00e1 investigado para esclarecer se houve falha t\u00e9cnica, estrutural ou no cumprimento de normas de seguran\u00e7a do trabalho. At\u00e9 o momento, n\u00e3o foram divulgadas informa\u00e7\u00f5es oficiais sobre eventuais responsabilidades.<\/p>\n<p style=\"text-align: justify;\">Israel Pereira da Silva era conhecido na cidade por seu trabalho na EMDAEP. A morte do servidor causou como\u00e7\u00e3o entre colegas de trabalho, amigos e familiares. Informa\u00e7\u00f5es sobre vel\u00f3rio e sepultamento ainda n\u00e3o foram divulgadas.<\/p>\n<p>Jorge Zanoni<\/p>\n<p style=\"text-align: justify;\">NOTA \u00c0 IMPRENSA<\/p>\n<p style=\"text-align: justify;\">A EMDAEP, atrav\u00e9s de seus diretores e funcion\u00e1rios, se solidariza com a fam\u00edlia do servidor Israel Pereira da Silva, conhecido como Rael, que faleceu nesta quarta-feira (4 de fevereiro). Todo apoio est\u00e1 sendo prestado aos familiares e amigos neste momento de dor.<\/p>\n<p style=\"text-align: justify;\">A EMDAEP est\u00e1 \u00e0 disposi\u00e7\u00e3o das autoridades para informa\u00e7\u00f5es e apura\u00e7\u00e3o das circunst\u00e2ncias do acidente com o funcion\u00e1rio nas obras de recupera\u00e7\u00e3o do emiss\u00e1rio de esgoto da Avenida Rui Barbosa.<\/p>\n<p style=\"text-align: justify;\">A CIPA da EMDAEP tamb\u00e9m dever\u00e1 se reunir para apurar o ocorrido.<\/p>\n<p style=\"text-align: justify;\">Ass. Rela\u00e7\u00f5es P\u00fablicas da EMDAEP<\/p>\n<p>&nbsp;<\/p>\n","protected":false},"excerpt":{"rendered":"<p>Israel Pereira da Silva (Real) de 58 anos, foi a v\u00edtima fatal de acidente de trabalho registrado na Avenida Rui Barbosa entre as Ruas Euclides da Cunha e Duque de Caxias em Dracena. Rael como era chamado, \u00e9 funcion\u00e1rio da EMDAEP (Empresa Municipal de Desenvolvimento, \u00c1gua e Pavimenta\u00e7\u00e3o) e trabalhava em uma obra de reparo [&hellip;]<\/p>\n","protected":false},"author":1,"featured_media":101045,"comment_status":"closed","ping_status":"open","sticky":false,"template":"","format":"standard","meta":{"footnotes":""},"categories":[170,110],"tags":[],"class_list":["post-101044","post","type-post","status-publish","format-standard","has-post-thumbnail","hentry","category-acidentes","category-noticiasdestaque"],"_links":{"self":[{"href":"https:\/\/jorgezanoni.com.br\/2019\/wp-json\/wp\/v2\/posts\/101044","targetHints":{"allow":["GET"]}}],"collection":[{"href":"https:\/\/jorgezanoni.com.br\/2019\/wp-json\/wp\/v2\/posts"}],"about":[{"href":"https:\/\/jorgezanoni.com.br\/2019\/wp-json\/wp\/v2\/types\/post"}],"author":[{"embeddable":true,"href":"https:\/\/jorgezanoni.com.br\/2019\/wp-json\/wp\/v2\/users\/1"}],"replies":[{"embeddable":true,"href":"https:\/\/jorgezanoni.com.br\/2019\/wp-json\/wp\/v2\/comments?post=101044"}],"version-history":[{"count":1,"href":"https:\/\/jorgezanoni.com.br\/2019\/wp-json\/wp\/v2\/posts\/101044\/revisions"}],"predecessor-version":[{"id":101046,"href":"https:\/\/jorgezanoni.com.br\/2019\/wp-json\/wp\/v2\/posts\/101044\/revisions\/101046"}],"wp:featuredmedia":[{"embeddable":true,"href":"https:\/\/jorgezanoni.com.br\/2019\/wp-json\/wp\/v2\/media\/101045"}],"wp:attachment":[{"href":"https:\/\/jorgezanoni.com.br\/2019\/wp-json\/wp\/v2\/media?parent=101044"}],"wp:term":[{"taxonomy":"category","embeddable":true,"href":"https:\/\/jorgezanoni.com.br\/2019\/wp-json\/wp\/v2\/categories?post=101044"},{"taxonomy":"post_tag","embeddable":true,"href":"https:\/\/jorgezanoni.com.br\/2019\/wp-json\/wp\/v2\/tags?post=101044"}],"curies":[{"name":"wp","href":"https:\/\/api.w.org\/{rel}","templated":true}]}}