{"id":100972,"date":"2026-01-28T21:46:05","date_gmt":"2026-01-28T21:46:05","guid":{"rendered":"https:\/\/jorgezanoni.com.br\/2019\/?p=100972"},"modified":"2026-01-28T21:46:05","modified_gmt":"2026-01-28T21:46:05","slug":"policia-militar-prende-homem-em-flagrante-por-tentativa-de-furto-de-veiculo-em-monte-castelo","status":"publish","type":"post","link":"https:\/\/jorgezanoni.com.br\/2019\/policia-militar-prende-homem-em-flagrante-por-tentativa-de-furto-de-veiculo-em-monte-castelo\/","title":{"rendered":"Pol\u00edcia Militar prende homem em flagrante por tentativa de furto de ve\u00edculo em Monte Castelo"},"content":{"rendered":"<p style=\"text-align: justify;\">Na data de hoje (28) por volta das 05h policiais militares do 25\u00ba Batalh\u00e3o de Pol\u00edcia Militar do Interior em patrulhamento pelo munic\u00edpio de Monte Castelo, a equipe visualizou dois indiv\u00edduos em atitude suspeita empurrando uma motocicleta Honda\/Hornet, na cor amarela. Ao tentar a abordagem, os suspeitos empreenderam fuga em sentidos opostos, abandonando o ve\u00edculo ca\u00eddo ao solo.<br \/>\nDurante a averigua\u00e7\u00e3o nas proximidades, foi localizada uma resid\u00eancia com o port\u00e3o aberto. Em contato com o morador, este identificou-se como propriet\u00e1rio do ve\u00edculo e confirmou que a motocicleta havia sido subtra\u00edda.<br \/>\nDiante dos fatos, e com apoio de outras equipes policiais e iniciadas dilig\u00eancias para a localiza\u00e7\u00e3o dos autores. Um dos suspeitos evadiu-se para uma \u00e1rea de pastagem e mata. Posteriormente, a equipe recebeu informa\u00e7\u00f5es de que um indiv\u00edduo estava homiziado no quintal de uma resid\u00eancia pr\u00f3xima. Foi realizada a varredura no local, onde efetuou-se a deten\u00e7\u00e3o de um dos autores (homem 26 anos) do furto tentativa.<br \/>\nFoi dada voz de pris\u00e3o ao indiv\u00edduo e o outro foi identificado e n\u00e3o localizado.<br \/>\nPosteriormente, a ocorr\u00eancia foi apresentada no Plant\u00e3o Central de Dracena permanecendo o indiv\u00edduo \u00e0 disposi\u00e7\u00e3o da Justi\u00e7a.<\/p>\n<p>Fonte: Comunica\u00e7\u00e3o Social Pol\u00edcia Militar<\/p>\n","protected":false},"excerpt":{"rendered":"<p>Na data de hoje (28) por volta das 05h policiais militares do 25\u00ba Batalh\u00e3o de Pol\u00edcia Militar do Interior em patrulhamento pelo munic\u00edpio de Monte Castelo, a equipe visualizou dois indiv\u00edduos em atitude suspeita empurrando uma motocicleta Honda\/Hornet, na cor amarela. Ao tentar a abordagem, os suspeitos empreenderam fuga em sentidos opostos, abandonando o ve\u00edculo [&hellip;]<\/p>\n","protected":false},"author":1,"featured_media":100973,"comment_status":"closed","ping_status":"open","sticky":false,"template":"","format":"standard","meta":{"footnotes":""},"categories":[110,2],"tags":[],"class_list":["post-100972","post","type-post","status-publish","format-standard","has-post-thumbnail","hentry","category-noticiasdestaque","category-policial"],"_links":{"self":[{"href":"https:\/\/jorgezanoni.com.br\/2019\/wp-json\/wp\/v2\/posts\/100972","targetHints":{"allow":["GET"]}}],"collection":[{"href":"https:\/\/jorgezanoni.com.br\/2019\/wp-json\/wp\/v2\/posts"}],"about":[{"href":"https:\/\/jorgezanoni.com.br\/2019\/wp-json\/wp\/v2\/types\/post"}],"author":[{"embeddable":true,"href":"https:\/\/jorgezanoni.com.br\/2019\/wp-json\/wp\/v2\/users\/1"}],"replies":[{"embeddable":true,"href":"https:\/\/jorgezanoni.com.br\/2019\/wp-json\/wp\/v2\/comments?post=100972"}],"version-history":[{"count":1,"href":"https:\/\/jorgezanoni.com.br\/2019\/wp-json\/wp\/v2\/posts\/100972\/revisions"}],"predecessor-version":[{"id":100974,"href":"https:\/\/jorgezanoni.com.br\/2019\/wp-json\/wp\/v2\/posts\/100972\/revisions\/100974"}],"wp:featuredmedia":[{"embeddable":true,"href":"https:\/\/jorgezanoni.com.br\/2019\/wp-json\/wp\/v2\/media\/100973"}],"wp:attachment":[{"href":"https:\/\/jorgezanoni.com.br\/2019\/wp-json\/wp\/v2\/media?parent=100972"}],"wp:term":[{"taxonomy":"category","embeddable":true,"href":"https:\/\/jorgezanoni.com.br\/2019\/wp-json\/wp\/v2\/categories?post=100972"},{"taxonomy":"post_tag","embeddable":true,"href":"https:\/\/jorgezanoni.com.br\/2019\/wp-json\/wp\/v2\/tags?post=100972"}],"curies":[{"name":"wp","href":"https:\/\/api.w.org\/{rel}","templated":true}]}}