{"id":10097,"date":"2019-10-31T21:20:42","date_gmt":"2019-10-31T21:20:42","guid":{"rendered":"https:\/\/jorgezanoni.com.br\/2019\/?p=10097"},"modified":"2019-10-31T21:20:42","modified_gmt":"2019-10-31T21:20:42","slug":"corpo-de-advogado-que-estava-desaparecido-desde-terca-feira-e-localizado-pela-policia","status":"publish","type":"post","link":"https:\/\/jorgezanoni.com.br\/2019\/corpo-de-advogado-que-estava-desaparecido-desde-terca-feira-e-localizado-pela-policia\/","title":{"rendered":"Corpo de advogado que estava desaparecido desde ter\u00e7a-feira \u00e9 localizado pela pol\u00edcia"},"content":{"rendered":"<h2 class=\"content-head__subtitle\" style=\"text-align: justify;\"><strong>Depois de encontrado pelos policiais, rapaz de 26 anos confessou o crime e indicou o local onde estava a v\u00edtima, em uma fazenda, entre Presidente Bernardes e Tarabai.<\/strong><\/h2>\n<div class=\"mc-column content-text active-extra-styles \" data-block-type=\"unstyled\" data-block-weight=\"58\" data-block-id=\"2\">\n<p class=\"content-text__container \" style=\"text-align: justify;\" data-track-category=\"Link no Texto\" data-track-links=\"\">Uma opera\u00e7\u00e3o conjunta realizada pelas pol\u00edcias Civil e Militar prendeu na tarde desta quinta-feira (31) o rapaz de 26 anos suspeito de assassinar o advogado e professor Wagner Alonso \u00c1lvares, que estava desaparecido desde a \u00faltima ter\u00e7a-feira (29), e encontrou o corpo da v\u00edtima em uma fazenda localizada entre os munic\u00edpios de\u00a0<a href=\"https:\/\/g1.globo.com\/sp\/presidente-prudente-regiao\/cidade\/presidente-bernardes-sp\/\">Presidente Bernardes (SP)<\/a>\u00a0e\u00a0<a href=\"https:\/\/g1.globo.com\/sp\/presidente-prudente-regiao\/cidade\/tarabai\/\">Tarabai (SP)<\/a>.<\/p>\n<\/div>\n<div class=\"wall protected-content\">\n<div class=\"mc-column content-text active-extra-styles \" style=\"text-align: justify;\" data-block-type=\"unstyled\" data-block-weight=\"36\" data-block-id=\"3\">\n<p class=\"content-text__container \" data-track-category=\"Link no Texto\" data-track-links=\"\">Segundo a Pol\u00edcia Militar, uma equipe encontrou primeiramente o rapaz, que confessou o crime e direcionou os policiais ao local onde estava o corpo da v\u00edtima, nas proximidades do distrito de Nova P\u00e1tria, em Presidente Bernardes.<\/p>\n<\/div>\n<div class=\"mc-column content-text active-extra-styles \" data-block-type=\"unstyled\" data-block-weight=\"12\" data-block-id=\"4\">\n<p class=\"content-text__container \" style=\"text-align: justify;\" data-track-category=\"Link no Texto\" data-track-links=\"\">A Pol\u00edcia Militar manteve o local preservado para os trabalhos de investiga\u00e7\u00e3o.<\/p>\n<div class=\"mc-column content-text active-extra-styles \" style=\"text-align: justify;\" data-block-type=\"unstyled\" data-block-weight=\"28\" data-block-id=\"6\">\n<p class=\"content-text__container \" data-track-category=\"Link no Texto\" data-track-links=\"\">O advogado e professor Wagner Alonso \u00c1lvares, de 74 anos, morador de\u00a0<a href=\"https:\/\/g1.globo.com\/sp\/presidente-prudente-regiao\/cidade\/pirapozinho\/\">Pirapozinho (SP)<\/a>, havia desaparecido na \u00faltima ter\u00e7a-feira (29), ap\u00f3s dar uma carona a um suposto cliente.<\/p>\n<\/div>\n<div class=\"mc-column content-text active-extra-styles \" style=\"text-align: justify;\" data-block-type=\"unstyled\" data-block-weight=\"49\" data-block-id=\"7\">\n<p class=\"content-text__container \" data-track-category=\"Link no Texto\" data-track-links=\"\">O suposto cliente, j\u00e1 identificado pela Pol\u00edcia Civil como Douglas Fernandes da Cruz, de 26 anos, foi at\u00e9 a resid\u00eancia da v\u00edtima, a quem solicitou &#8220;conselhos&#8221;. Ap\u00f3s o t\u00e9rmino da conversa, pediu que o advogado o levasse at\u00e9 o Terminal Rodovi\u00e1rio. Depois disso, a v\u00edtima n\u00e3o foi mais vista.<\/p>\n<\/div>\n<div class=\"mc-column content-text active-extra-styles \" style=\"text-align: justify;\" data-block-type=\"unstyled\" data-block-weight=\"41\" data-block-id=\"8\">\n<p class=\"content-text__container \" data-track-category=\"Link no Texto\" data-track-links=\"\">Cerca de uma hora depois do desaparecimento do advogado, o suspeito, conforme contou ao\u00a0<strong>G1\u00a0<\/strong>o delegado Rafael Galv\u00e3o, respons\u00e1vel pelas investiga\u00e7\u00f5es sobre o caso, foi visto por testemunhas em um bairro de\u00a0<a href=\"https:\/\/g1.globo.com\/sp\/presidente-prudente-regiao\/cidade\/tarabai\/\">Tarabai (SP)<\/a>\u00a0tentando vender o ve\u00edculo da v\u00edtima.<\/p>\n<\/div>\n<div class=\"mc-column content-text active-extra-styles \" style=\"text-align: justify;\" data-block-type=\"unstyled\" data-block-weight=\"27\" data-block-id=\"9\">\n<p class=\"content-text__container \" data-track-category=\"Link no Texto\" data-track-links=\"\">A venda n\u00e3o ocorreu, tendo em vista que o carro foi localizado pela pol\u00edcia em um matagal na zona rural, j\u00e1 na quarta-feira (30), em Presidente Bernardes.<\/p>\n<\/div>\n<div class=\"mc-column content-text active-extra-styles \" data-block-type=\"unstyled\" data-block-weight=\"21\" data-block-id=\"10\">\n<p class=\"content-text__container \" style=\"text-align: justify;\" data-track-category=\"Link no Texto\" data-track-links=\"\">No ve\u00edculo, n\u00e3o havia vest\u00edgios de luta ou qualquer outro ind\u00edcio que mostrasse o que pudesse ter acontecido com o advogado.<\/p>\n<p data-track-category=\"Link no Texto\" data-track-links=\"\"><img loading=\"lazy\" decoding=\"async\" class=\"alignnone size-full wp-image-10098\" src=\"https:\/\/jorgezanoni.com.br\/2019\/wp-content\/uploads\/2019\/10\/advogado1-1.jpg\" alt=\"\" width=\"1200\" height=\"675\" srcset=\"https:\/\/jorgezanoni.com.br\/2019\/wp-content\/uploads\/2019\/10\/advogado1-1.jpg 1200w, https:\/\/jorgezanoni.com.br\/2019\/wp-content\/uploads\/2019\/10\/advogado1-1-300x169.jpg 300w, https:\/\/jorgezanoni.com.br\/2019\/wp-content\/uploads\/2019\/10\/advogado1-1-768x432.jpg 768w, https:\/\/jorgezanoni.com.br\/2019\/wp-content\/uploads\/2019\/10\/advogado1-1-1024x576.jpg 1024w, https:\/\/jorgezanoni.com.br\/2019\/wp-content\/uploads\/2019\/10\/advogado1-1-696x392.jpg 696w, https:\/\/jorgezanoni.com.br\/2019\/wp-content\/uploads\/2019\/10\/advogado1-1-1068x601.jpg 1068w, https:\/\/jorgezanoni.com.br\/2019\/wp-content\/uploads\/2019\/10\/advogado1-1-747x420.jpg 747w\" sizes=\"auto, (max-width: 1200px) 100vw, 1200px\" \/>Carro da v\u00edtima foi encontrado \u2014 Foto: Cedida<\/p>\n<div class=\"mc-column content-text active-extra-styles\" data-block-type=\"raw\" data-block-weight=\"7\" data-block-id=\"14\">\n<div class=\"content-intertitle\">\n<h2 style=\"text-align: justify;\">Venda por R$ 3 mil gerou desconfian\u00e7a<\/h2>\n<\/div>\n<\/div>\n<div class=\"mc-column content-text active-extra-styles \" style=\"text-align: justify;\" data-block-type=\"unstyled\" data-block-weight=\"63\" data-block-id=\"15\">\n<p class=\"content-text__container \" data-track-category=\"Link no Texto\" data-track-links=\"\">Conforme as informa\u00e7\u00f5es do Boletim de Ocorr\u00eancia registrado na Pol\u00edcia Civil, o suspeito foi \u00e0 casa da v\u00edtima para pedir que o levasse at\u00e9 o Terminal Rodovi\u00e1rio, pois havia &#8220;pessoas atr\u00e1s dele&#8221;. O advogado saiu de sua resid\u00eancia sem celular e n\u00e3o retornou. A esposa da v\u00edtima, Elenita de Ara\u00fajo Alonso, de 70 anos, relatou o desaparecimento \u00e0 pol\u00edcia por volta das 14h.<\/p>\n<\/div>\n<div class=\"mc-column content-text active-extra-styles \" style=\"text-align: justify;\" data-block-type=\"unstyled\" data-block-weight=\"45\" data-block-id=\"16\">\n<p class=\"content-text__container \" data-track-category=\"Link no Texto\" data-track-links=\"\">Pouco depois da comunica\u00e7\u00e3o, os policiais receberam uma liga\u00e7\u00e3o de uma testemunha, que informou que o suspeito havia ido at\u00e9 sua resid\u00eancia, em um bairro da zona rural, em Tarabai, e oferecido o ve\u00edculo, um Toyota Corolla, para venda, pelo valor de R$ 3 mil.<\/p>\n<\/div>\n<div class=\"mc-column content-text active-extra-styles \" style=\"text-align: justify;\" data-block-type=\"unstyled\" data-block-weight=\"12\" data-block-id=\"17\">\n<p class=\"content-text__container \" data-track-category=\"Link no Texto\" data-track-links=\"\">No mercado, o carro est\u00e1 avaliado em mais de R$ 55 mil.<\/p>\n<\/div>\n<div class=\"mc-column content-text active-extra-styles \" style=\"text-align: justify;\" data-block-type=\"unstyled\" data-block-weight=\"24\" data-block-id=\"18\">\n<p class=\"content-text__container \" data-track-category=\"Link no Texto\" data-track-links=\"\">O homem, desconfiado da atitude, ligou ao cart\u00f3rio do munic\u00edpio e tomou conhecimento de que o carro era de propriedade de Wagner Alonso \u00c1lvares.<\/p>\n<\/div>\n<div class=\"mc-column content-text active-extra-styles \" data-block-type=\"unstyled\" data-block-weight=\"37\" data-block-id=\"19\">\n<p class=\"content-text__container \" style=\"text-align: justify;\" data-track-category=\"Link no Texto\" data-track-links=\"\">O suspeito saiu rapidamente do local e abandonou o ve\u00edculo, que foi encontrado em um matagal, por volta das 17h30. Estava com os vidros abertos, sem a chave e sem sinais de luta ou respingos de sangue.<\/p>\n<p style=\"text-align: justify;\" data-track-category=\"Link no Texto\" data-track-links=\"\">Pr\u00f3ximo ao local foram feitas buscas pelo advogado, mas n\u00e3o o encontraram. O carro foi apreendido pela pol\u00edcia.<\/p>\n<p style=\"text-align: justify;\" data-track-category=\"Link no Texto\" data-track-links=\"\">Fonte: G1<\/p>\n<\/div>\n<\/div>\n<\/div>\n<\/div>\n","protected":false},"excerpt":{"rendered":"<p>Depois de encontrado pelos policiais, rapaz de 26 anos confessou o crime e indicou o local onde estava a v\u00edtima, em uma fazenda, entre Presidente Bernardes e Tarabai. Uma opera\u00e7\u00e3o conjunta realizada pelas pol\u00edcias Civil e Militar prendeu na tarde desta quinta-feira (31) o rapaz de 26 anos suspeito de assassinar o advogado e professor [&hellip;]<\/p>\n","protected":false},"author":1,"featured_media":10099,"comment_status":"closed","ping_status":"open","sticky":false,"template":"","format":"standard","meta":{"footnotes":""},"categories":[110,2],"tags":[],"class_list":["post-10097","post","type-post","status-publish","format-standard","has-post-thumbnail","hentry","category-noticiasdestaque","category-policial"],"_links":{"self":[{"href":"https:\/\/jorgezanoni.com.br\/2019\/wp-json\/wp\/v2\/posts\/10097","targetHints":{"allow":["GET"]}}],"collection":[{"href":"https:\/\/jorgezanoni.com.br\/2019\/wp-json\/wp\/v2\/posts"}],"about":[{"href":"https:\/\/jorgezanoni.com.br\/2019\/wp-json\/wp\/v2\/types\/post"}],"author":[{"embeddable":true,"href":"https:\/\/jorgezanoni.com.br\/2019\/wp-json\/wp\/v2\/users\/1"}],"replies":[{"embeddable":true,"href":"https:\/\/jorgezanoni.com.br\/2019\/wp-json\/wp\/v2\/comments?post=10097"}],"version-history":[{"count":0,"href":"https:\/\/jorgezanoni.com.br\/2019\/wp-json\/wp\/v2\/posts\/10097\/revisions"}],"wp:featuredmedia":[{"embeddable":true,"href":"https:\/\/jorgezanoni.com.br\/2019\/wp-json\/wp\/v2\/media\/10099"}],"wp:attachment":[{"href":"https:\/\/jorgezanoni.com.br\/2019\/wp-json\/wp\/v2\/media?parent=10097"}],"wp:term":[{"taxonomy":"category","embeddable":true,"href":"https:\/\/jorgezanoni.com.br\/2019\/wp-json\/wp\/v2\/categories?post=10097"},{"taxonomy":"post_tag","embeddable":true,"href":"https:\/\/jorgezanoni.com.br\/2019\/wp-json\/wp\/v2\/tags?post=10097"}],"curies":[{"name":"wp","href":"https:\/\/api.w.org\/{rel}","templated":true}]}}