{"id":10093,"date":"2019-10-31T20:58:03","date_gmt":"2019-10-31T20:58:03","guid":{"rendered":"https:\/\/jorgezanoni.com.br\/2019\/?p=10093"},"modified":"2019-10-31T20:58:03","modified_gmt":"2019-10-31T20:58:03","slug":"a-policia-civil-de-estado-de-sao-paulo-por-intermedio-de-agentes-da-delegacia-seccional-de-policia-dracena-integrou-a-operacao-policial-halloween-que-foi-coordenada-pela-policia-ci","status":"publish","type":"post","link":"https:\/\/jorgezanoni.com.br\/2019\/a-policia-civil-de-estado-de-sao-paulo-por-intermedio-de-agentes-da-delegacia-seccional-de-policia-dracena-integrou-a-operacao-policial-halloween-que-foi-coordenada-pela-policia-ci\/","title":{"rendered":"A Policia Civil de Estado de S\u00e3o Paulo, por interm\u00e9dio de agentes da Delegacia Seccional de Pol\u00edcia Dracena, integrou a opera\u00e7\u00e3o policial \u201cHalloween\u201d que foi coordenada pela Pol\u00edcia Civil do MS."},"content":{"rendered":"<p style=\"text-align: justify;\"><strong>Nota \u00e0 Imprensa &#8211; Policia Civil de Tr\u00eas Lagoas <\/strong><br \/>\n<strong>REFER\u00caNCIA: BO N\u00ba 1985\/2019\/1DP\/TL.<\/strong><br \/>\n<strong>FATO: HOMIC\u00cdDIO QUALIFICADO E SEQUESTRO E CARCERE PRIVADO.<\/strong><br \/>\n<strong>AUTORES: 19 ENVOLVIDOS.<\/strong><br \/>\n<strong>LOCAL: TR\u00caS LAGOAS\/MS<\/strong><br \/>\n<strong>A POL\u00cdCIA CIVIL DEFLAGRA OPERA\u00c7\u00c3O HALLOWEEN (CA\u00c7A \u00c0S BRUXAS) E CUMPRE 16 MANDADOS DE PRIS\u00c3O PREVENTIVA DE PESSOAS ENVOLVIDAS COM ORGANIZA\u00c7\u00c3O CRIMINOSA<\/strong><\/p>\n<p style=\"text-align: justify;\">Na manh\u00e3 de hoje, a Pol\u00edcia Civil do MS, atrav\u00e9s do Setor de Investiga\u00e7\u00f5es Gerais \u2013 SIG e 1\u00ba DP de Tr\u00eas Lagoas, deflagrou nesta manh\u00e3 a Opera\u00e7\u00e3o Halloween, (ca\u00e7a \u00e0s bruxas) que teve como finalidade cumprir 18 mandados de pris\u00e3o preventiva e busca e apreens\u00e3o.<\/p>\n<p style=\"text-align: justify;\">A opera\u00e7\u00e3o \u00e9 um desdobramento das investiga\u00e7\u00f5es do crime de homic\u00eddio qualificado ocorrido no dia 03\/09\/2019, registrado no Boletim de Ocorr\u00eancia 1985\/2019 \u2013 1\u00ba. DP\/TL; inqu\u00e9rito policial 391\/2019 1\u00ba. DP\/TL, tendo como v\u00edtima fatal ERICA RODRIGUES RIBEIRO, (29 anos).<\/p>\n<p style=\"text-align: justify;\">Durante as investiga\u00e7\u00f5es, apurou-se que a execu\u00e7\u00e3o do homic\u00eddio foi orquestrada e executada por integrantes da ORCRIM PCC, tendo em vista que a v\u00edtima Erica Ribeiro teria abusado sexualmente uma menina de 8 anos de idade.<\/p>\n<p style=\"text-align: justify;\">Ap\u00f3s investiga\u00e7\u00e3o, com apoio do N\u00facleo Regional de intelig\u00eancia, foram identificadas v\u00e1rias integrantes da ORCRIM PCC que tiveram participa\u00e7\u00e3o no julgamento e execu\u00e7\u00e3o da v\u00edtima. O fato aconteceu via confer\u00eancia telef\u00f4nica (radia\u00e7\u00e3o), com a participa\u00e7\u00e3o de pessoas distribu\u00eddas em todo Estado do MS, principalmente mulheres, com fun\u00e7\u00f5es de comando dentro da fac\u00e7\u00e3o criminosa, dentre elas: GERAL DO ESTADO DO MS, GERAL DA RUA DO MS, GERAL DA CIDADE DE TR\u00caS LAGOAS (masculino e feminino) e RESUMO DISCIPLINAR DA INTERNA.<\/p>\n<p style=\"text-align: justify;\">Foram identificadas 19 pessoas envolvidas (13 integrantes da ORGCRIM PCC) no crime, sendo 18 mandados de pris\u00e3o preventiva que foram cumpridos no dia de hoje.<\/p>\n<p style=\"text-align: justify;\">Al\u00e9m da Pol\u00edcia Civil de Tr\u00eas Lagoas, a opera\u00e7\u00e3o contou com apoio da Pol\u00edcia Militar, Pol\u00edcia Federal e AGEPEN de Tr\u00eas Lagoas, Pol\u00edcias Civis de Bataguassu, Nova Alvorada do Sul, Nova Andradina, \u00c1gua Clara e Dracena\/SP. Em Campo Grande, os mandados foram cumpridos pelas delegacias especializadas GARRAS, DERF, DEFURV e POLINTER.<\/p>\n<p style=\"text-align: justify;\">Durante a manh\u00e3 foi realizada, com apoio da Pol\u00edcia Militar de Tr\u00eas Lagoas (For\u00e7a T\u00e1tica), uma varredura no pres\u00eddio semiaberto de Tr\u00eas Lagoas onde foram encontrados celulares e drogas. Em umas das celas foi identificado o respons\u00e1vel pela droga encontrada, raz\u00e3o pela qual est\u00e1 sendo autuado em flagrante delito no 3\u00ba DP.<\/p>\n<p style=\"text-align: justify;\">Cabe mencionar que durante o trabalho desenvolvido para esclarecer o homic\u00eddio da \u00c9rica, apurou-se que boa parte das mulheres envolvidas no julgamento e execu\u00e7\u00e3o do crime tamb\u00e9m est\u00e3o envolvidas no homic\u00eddio ocorrido em 27\/08\/2019, na cidade de Corumb\u00e1\/MS. H\u00e1 ind\u00edcios de um outro TRIBUNAL DO CRIME para julgar DANIELE PEREIRA DE MAGALH\u00c3ES, 17 anos, pois segundo consta, tal jovem estava sendo acusada de ser simpatizando da fac\u00e7\u00e3o COMANDO VERMELHO, inimiga do PCC.<\/p>\n<p><img loading=\"lazy\" decoding=\"async\" class=\"alignnone size-full wp-image-10094\" src=\"https:\/\/jorgezanoni.com.br\/2019\/wp-content\/uploads\/2019\/10\/ms1.jpg\" alt=\"\" width=\"648\" height=\"1152\" srcset=\"https:\/\/jorgezanoni.com.br\/2019\/wp-content\/uploads\/2019\/10\/ms1.jpg 648w, https:\/\/jorgezanoni.com.br\/2019\/wp-content\/uploads\/2019\/10\/ms1-169x300.jpg 169w, https:\/\/jorgezanoni.com.br\/2019\/wp-content\/uploads\/2019\/10\/ms1-576x1024.jpg 576w, https:\/\/jorgezanoni.com.br\/2019\/wp-content\/uploads\/2019\/10\/ms1-236x420.jpg 236w\" sizes=\"auto, (max-width: 648px) 100vw, 648px\" \/><\/p>\n<p style=\"text-align: justify;\">A Pol\u00edcia Civil agradece o apoio da comunidade e reafirma seu dever de servir e proteger a sociedade.<\/p>\n<p style=\"text-align: justify;\">Fonte: Com. Social Pol\u00edcia Civil<\/p>\n","protected":false},"excerpt":{"rendered":"<p>Nota \u00e0 Imprensa &#8211; Policia Civil de Tr\u00eas Lagoas REFER\u00caNCIA: BO N\u00ba 1985\/2019\/1DP\/TL. FATO: HOMIC\u00cdDIO QUALIFICADO E SEQUESTRO E CARCERE PRIVADO. AUTORES: 19 ENVOLVIDOS. LOCAL: TR\u00caS LAGOAS\/MS A POL\u00cdCIA CIVIL DEFLAGRA OPERA\u00c7\u00c3O HALLOWEEN (CA\u00c7A \u00c0S BRUXAS) E CUMPRE 16 MANDADOS DE PRIS\u00c3O PREVENTIVA DE PESSOAS ENVOLVIDAS COM ORGANIZA\u00c7\u00c3O CRIMINOSA Na manh\u00e3 de hoje, a Pol\u00edcia [&hellip;]<\/p>\n","protected":false},"author":1,"featured_media":10095,"comment_status":"closed","ping_status":"open","sticky":false,"template":"","format":"standard","meta":{"footnotes":""},"categories":[110,2],"tags":[],"class_list":["post-10093","post","type-post","status-publish","format-standard","has-post-thumbnail","hentry","category-noticiasdestaque","category-policial"],"_links":{"self":[{"href":"https:\/\/jorgezanoni.com.br\/2019\/wp-json\/wp\/v2\/posts\/10093","targetHints":{"allow":["GET"]}}],"collection":[{"href":"https:\/\/jorgezanoni.com.br\/2019\/wp-json\/wp\/v2\/posts"}],"about":[{"href":"https:\/\/jorgezanoni.com.br\/2019\/wp-json\/wp\/v2\/types\/post"}],"author":[{"embeddable":true,"href":"https:\/\/jorgezanoni.com.br\/2019\/wp-json\/wp\/v2\/users\/1"}],"replies":[{"embeddable":true,"href":"https:\/\/jorgezanoni.com.br\/2019\/wp-json\/wp\/v2\/comments?post=10093"}],"version-history":[{"count":0,"href":"https:\/\/jorgezanoni.com.br\/2019\/wp-json\/wp\/v2\/posts\/10093\/revisions"}],"wp:featuredmedia":[{"embeddable":true,"href":"https:\/\/jorgezanoni.com.br\/2019\/wp-json\/wp\/v2\/media\/10095"}],"wp:attachment":[{"href":"https:\/\/jorgezanoni.com.br\/2019\/wp-json\/wp\/v2\/media?parent=10093"}],"wp:term":[{"taxonomy":"category","embeddable":true,"href":"https:\/\/jorgezanoni.com.br\/2019\/wp-json\/wp\/v2\/categories?post=10093"},{"taxonomy":"post_tag","embeddable":true,"href":"https:\/\/jorgezanoni.com.br\/2019\/wp-json\/wp\/v2\/tags?post=10093"}],"curies":[{"name":"wp","href":"https:\/\/api.w.org\/{rel}","templated":true}]}}