{"id":100913,"date":"2026-01-25T14:45:28","date_gmt":"2026-01-25T14:45:28","guid":{"rendered":"https:\/\/jorgezanoni.com.br\/2019\/?p=100913"},"modified":"2026-01-25T14:45:28","modified_gmt":"2026-01-25T14:45:28","slug":"policia-militar-prende-homem-por-trafico-de-drogas-em-dracena-25","status":"publish","type":"post","link":"https:\/\/jorgezanoni.com.br\/2019\/policia-militar-prende-homem-por-trafico-de-drogas-em-dracena-25\/","title":{"rendered":"Pol\u00edcia Militar prende homem por Tr\u00e1fico de Drogas em Dracena."},"content":{"rendered":"<p style=\"text-align: justify;\">Na \u00faltima sexta feira (23) por volta das 17h49min policiais militares do 25\u00ba Batalh\u00e3o de Pol\u00edcia Militar do Interior durante Opera\u00e7\u00e3o pelo munic\u00edpio de Dracena em fiscaliza\u00e7\u00e3o a ve\u00edculos foi avistado uma motocicleta Honda preta, momento que foi abordado.<br \/>\nDurante abordagem foi reconhecido um indiv\u00edduo (homem 28 anos) com den\u00fancias por tr\u00e1fico de drogas. Em busca pessoal no interior de suas vestes foi localizado uma sacola amarela contendo duas por\u00e7\u00f5es grandes de maconha e em busca minuciosa no interior de sua carteira mais uma por\u00e7\u00e3o menor de maconha e duas menores de dry, e o valor de R$28,70 em notas e moedas diversas.<br \/>\nAo ser indagado quanto aos entorpecentes declarou que era usuario e que era para seu consumo, n\u00e3o condizendo o modo de estarem em por\u00e7\u00f5es com sua vers\u00e3o.<br \/>\nDiante dos fatos dada voz de pris\u00e3o em flagrante pelo crime de tr\u00e1fico de drogas, sendo conduzido at\u00e9 a Delegacia de Pol\u00edcia Civil de Dracena permanecendo a disposi\u00e7\u00e3o da Justi\u00e7a.<\/p>\n<p><img loading=\"lazy\" decoding=\"async\" class=\"alignnone size-full wp-image-100914\" src=\"https:\/\/jorgezanoni.com.br\/2019\/wp-content\/uploads\/2026\/01\/tra-1.jpeg\" alt=\"\" width=\"1600\" height=\"1200\" srcset=\"https:\/\/jorgezanoni.com.br\/2019\/wp-content\/uploads\/2026\/01\/tra-1.jpeg 1600w, https:\/\/jorgezanoni.com.br\/2019\/wp-content\/uploads\/2026\/01\/tra-1-300x225.jpeg 300w, https:\/\/jorgezanoni.com.br\/2019\/wp-content\/uploads\/2026\/01\/tra-1-1024x768.jpeg 1024w, https:\/\/jorgezanoni.com.br\/2019\/wp-content\/uploads\/2026\/01\/tra-1-768x576.jpeg 768w, https:\/\/jorgezanoni.com.br\/2019\/wp-content\/uploads\/2026\/01\/tra-1-1536x1152.jpeg 1536w, https:\/\/jorgezanoni.com.br\/2019\/wp-content\/uploads\/2026\/01\/tra-1-80x60.jpeg 80w, https:\/\/jorgezanoni.com.br\/2019\/wp-content\/uploads\/2026\/01\/tra-1-265x198.jpeg 265w, https:\/\/jorgezanoni.com.br\/2019\/wp-content\/uploads\/2026\/01\/tra-1-696x522.jpeg 696w, https:\/\/jorgezanoni.com.br\/2019\/wp-content\/uploads\/2026\/01\/tra-1-1068x801.jpeg 1068w, https:\/\/jorgezanoni.com.br\/2019\/wp-content\/uploads\/2026\/01\/tra-1-560x420.jpeg 560w\" sizes=\"auto, (max-width: 1600px) 100vw, 1600px\" \/><\/p>\n<p>Fonte: Comunica\u00e7\u00e3o Social Pol\u00edcia Militar<\/p>\n","protected":false},"excerpt":{"rendered":"<p>Na \u00faltima sexta feira (23) por volta das 17h49min policiais militares do 25\u00ba Batalh\u00e3o de Pol\u00edcia Militar do Interior durante Opera\u00e7\u00e3o pelo munic\u00edpio de Dracena em fiscaliza\u00e7\u00e3o a ve\u00edculos foi avistado uma motocicleta Honda preta, momento que foi abordado. Durante abordagem foi reconhecido um indiv\u00edduo (homem 28 anos) com den\u00fancias por tr\u00e1fico de drogas. Em [&hellip;]<\/p>\n","protected":false},"author":1,"featured_media":100915,"comment_status":"closed","ping_status":"open","sticky":false,"template":"","format":"standard","meta":{"footnotes":""},"categories":[110,2],"tags":[],"class_list":["post-100913","post","type-post","status-publish","format-standard","has-post-thumbnail","hentry","category-noticiasdestaque","category-policial"],"_links":{"self":[{"href":"https:\/\/jorgezanoni.com.br\/2019\/wp-json\/wp\/v2\/posts\/100913","targetHints":{"allow":["GET"]}}],"collection":[{"href":"https:\/\/jorgezanoni.com.br\/2019\/wp-json\/wp\/v2\/posts"}],"about":[{"href":"https:\/\/jorgezanoni.com.br\/2019\/wp-json\/wp\/v2\/types\/post"}],"author":[{"embeddable":true,"href":"https:\/\/jorgezanoni.com.br\/2019\/wp-json\/wp\/v2\/users\/1"}],"replies":[{"embeddable":true,"href":"https:\/\/jorgezanoni.com.br\/2019\/wp-json\/wp\/v2\/comments?post=100913"}],"version-history":[{"count":1,"href":"https:\/\/jorgezanoni.com.br\/2019\/wp-json\/wp\/v2\/posts\/100913\/revisions"}],"predecessor-version":[{"id":100917,"href":"https:\/\/jorgezanoni.com.br\/2019\/wp-json\/wp\/v2\/posts\/100913\/revisions\/100917"}],"wp:featuredmedia":[{"embeddable":true,"href":"https:\/\/jorgezanoni.com.br\/2019\/wp-json\/wp\/v2\/media\/100915"}],"wp:attachment":[{"href":"https:\/\/jorgezanoni.com.br\/2019\/wp-json\/wp\/v2\/media?parent=100913"}],"wp:term":[{"taxonomy":"category","embeddable":true,"href":"https:\/\/jorgezanoni.com.br\/2019\/wp-json\/wp\/v2\/categories?post=100913"},{"taxonomy":"post_tag","embeddable":true,"href":"https:\/\/jorgezanoni.com.br\/2019\/wp-json\/wp\/v2\/tags?post=100913"}],"curies":[{"name":"wp","href":"https:\/\/api.w.org\/{rel}","templated":true}]}}