{"id":100864,"date":"2026-01-22T14:58:15","date_gmt":"2026-01-22T14:58:15","guid":{"rendered":"https:\/\/jorgezanoni.com.br\/2019\/?p=100864"},"modified":"2026-01-22T14:58:15","modified_gmt":"2026-01-22T14:58:15","slug":"nota-de-esclarecimento-enamed-curso-de-medicina-unifadra-dracena","status":"publish","type":"post","link":"https:\/\/jorgezanoni.com.br\/2019\/nota-de-esclarecimento-enamed-curso-de-medicina-unifadra-dracena\/","title":{"rendered":"Nota de esclarecimento ENAMED Curso de Medicina UNIFADRA Dracena"},"content":{"rendered":"<p style=\"text-align: justify;\">A Faculdades de Dracena \u2013 UNIFADRA, por meio de sua Dire\u00e7\u00e3o, vem a p\u00fablico prestar esclarecimentos \u00e0 comunidade acad\u00eamica acerca das informa\u00e7\u00f5es recentemente divulgadas sobre a avalia\u00e7\u00e3o do ENAMED.<\/p>\n<p style=\"text-align: justify;\">Inicialmente, \u00e9 importante esclarecer que a Institui\u00e7\u00e3o ainda n\u00e3o foi formalmente notificada do resultado pelo Minist\u00e9rio da Educa\u00e7\u00e3o (MEC). Cumpre ressaltar que, conforme a legisla\u00e7\u00e3o educacional vigente, as poss\u00edveis san\u00e7\u00f5es administrativas n\u00e3o contemplam o fechamento do curso, tratando-se de processos de acompanhamento e supervis\u00e3o.<\/p>\n<p style=\"text-align: justify;\">Ressaltamos, ainda, que esta \u00e9 a primeira participa\u00e7\u00e3o do Curso de Medicina da UNIFADRA no ENAMED neste formato, inexistindo, portanto, hist\u00f3rico de notas anteriores nesse mesmo instrumento avaliativo.<\/p>\n<p style=\"text-align: justify;\">Diante da divulga\u00e7\u00e3o do conceito obtido no ENAMED, a faculdade se posiciona de forma contr\u00e1ria aos m\u00e9todos utilizados para o c\u00e1lculo do conceito final. Isso porque o edital do exame, publicado em junho\/2025, n\u00e3o divulgou a metodologia que seria utilizada para o c\u00e1lculo do conceito. As notas t\u00e9cnicas que deram publicidade \u00e0s universidades sobre como seria o c\u00e1lculo foram publicadas apenas em dezembro\/2025, ap\u00f3s a aplica\u00e7\u00e3o da prova, que foi realizada no dia 19\/10\/2025.<\/p>\n<p style=\"text-align: justify;\">A aus\u00eancia de informa\u00e7\u00f5es sobre os crit\u00e9rios avaliativos prejudicam consideravelmente o direcionamento do trabalho pedag\u00f3gico, j\u00e1 que se trata de um novo modelo de avalia\u00e7\u00e3o externa, com metodologia de c\u00e1lculo divergente dos crit\u00e9rios anteriormente adotados pelo ENADE. Ressaltamos tamb\u00e9m que o novo modelo de avalia\u00e7\u00e3o baseia-se apenas em avalia\u00e7\u00e3o objetiva, n\u00e3o levando em considera\u00e7\u00e3o a avalia\u00e7\u00e3o de habilidades pr\u00e1ticas dos estudantes, elementos que s\u00e3o fortemente elucidados nas diretrizes curriculares para a forma\u00e7\u00e3o m\u00e9dica.<\/p>\n<p style=\"text-align: justify;\">Cabe ainda mencionar que a prova realizada no dia 19\/10\/2025 serviu como par\u00e2metro para o c\u00e1lculo do conceito ENAMED e ENARE. No entanto, as notas de corte utilizaram dois par\u00e2metros, sendo a nota de corte do ENARE 50% de acertos, j\u00e1 a nota de corte para o ENAMED foi de 60%, ou seja, em uma mesma avalia\u00e7\u00e3o temos crit\u00e9rios diferentes.<\/p>\n<p style=\"text-align: justify;\">Destacamos que 91% (52 alunos) obtiveram nota maior ou igual a 50, sendo considerados habilitados para resid\u00eancia, no entanto considerando a nota de corte 60, 34 destes mesmos alunos foram considerados n\u00e3o proficientes para o ENAMED.<\/p>\n<p style=\"text-align: justify;\">Consideramos que os crit\u00e9rios foram incoerentes, pois a maioria de nossos alunos est\u00e1 apta para programas de resid\u00eancia, mas segundo os crit\u00e9rios do ENAMED, n\u00e3o est\u00e3o aptos ao exerc\u00edcio como m\u00e9dicos generalistas.<\/p>\n<p style=\"text-align: justify;\">Nos termos da regulamenta\u00e7\u00e3o aplic\u00e1vel, ap\u00f3s a notifica\u00e7\u00e3o oficial, a Institui\u00e7\u00e3o dispor\u00e1 de prazo para apresenta\u00e7\u00e3o de defesa administrativa, com a devida fundamenta\u00e7\u00e3o\u00a0t\u00e9cnica e jur\u00eddica para contestar a validade da metodologia aplicada e reafirmar a qualidade do curso avaliado.<\/p>\n<p style=\"text-align: justify;\">A UNIFADRA reafirma seu compromisso cont\u00ednuo com a qualidade do ensino m\u00e9dico, o que se evidencia por investimentos permanentes em:<\/p>\n<p style=\"text-align: justify;\">\uf0b7 Corpo Docente Qualificado: aproximadamente 80% de mestres e doutores;<br \/>\n\uf0b7 Infraestrutura de Ponta: infraestrutura f\u00edsica e tecnol\u00f3gica, incluindo laborat\u00f3rios modernos, equipamentos atualizados e manequins de simula\u00e7\u00e3o<br \/>\nreal\u00edstica;<br \/>\n\uf0b7 Est\u00e1gios e Internato: amplia\u00e7\u00e3o de parcerias com hospitais, munic\u00edpios e unidades de sa\u00fade, fortalecendo os est\u00e1gios supervisionados e o internato;<br \/>\n\uf0b7 Apoio Acad\u00eamico e Assistencial aos Estudantes: disciplinas pr\u00e1ticas desde os primeiros anos e curso preparat\u00f3rio para resid\u00eancia m\u00e9dica, al\u00e9m de oferecimento de transporte e moradia para a realiza\u00e7\u00e3o dos est\u00e1gios;<br \/>\n\uf0b7 Acompanhamento de Egressos: oferecimento de suporte, apoio e capacita\u00e7\u00e3o. Cumpre destacar que o Curso de Medicina possui a Nota m\u00e9dia de 4,46 (em escala de 1 a 5), cujo projeto pedag\u00f3gico alcan\u00e7ou a nota 4,94, obtidas em recente avalia\u00e7\u00e3o pelo pr\u00f3prio MEC. Al\u00e9m disso, conta com egressos bem inseridos no mercado de trabalho e aprovados em programas de resid\u00eancia m\u00e9dica altamente concorridos em \u00e2mbito nacional, o que refor\u00e7a a solidez da forma\u00e7\u00e3o ofertada.<\/p>\n<p style=\"text-align: justify;\">Diante disso, a UNIFADRA esclarece que adotar\u00e1 todas as medidas cab\u00edveis para garantir a revis\u00e3o da metodologia para o c\u00e1lculo do conceito divulgado, mantendo sua postura de transpar\u00eancia, responsabilidade institucional e busca permanente pela excel\u00eancia acad\u00eamica.<\/p>\n<p style=\"text-align: justify;\">Reiteramos \u00e0 comunidade acad\u00eamica nosso compromisso com a forma\u00e7\u00e3o \u00e9tica, t\u00e9cnica e humana dos futuros profissionais da sa\u00fade, permanecendo \u00e0 disposi\u00e7\u00e3o para novos esclarecimentos.<\/p>\n<p style=\"text-align: justify;\">Dracena, 22 de janeiro de 2026.<\/p>\n<p style=\"text-align: justify;\">Faculdades de Dracena \u2013 Unifadra<br \/>\nDire\u00e7\u00e3o Acad\u00eamica<\/p>\n<p style=\"text-align: justify;\">\n<p>&nbsp;<\/p>\n","protected":false},"excerpt":{"rendered":"<p>A Faculdades de Dracena \u2013 UNIFADRA, por meio de sua Dire\u00e7\u00e3o, vem a p\u00fablico prestar esclarecimentos \u00e0 comunidade acad\u00eamica acerca das informa\u00e7\u00f5es recentemente divulgadas sobre a avalia\u00e7\u00e3o do ENAMED. Inicialmente, \u00e9 importante esclarecer que a Institui\u00e7\u00e3o ainda n\u00e3o foi formalmente notificada do resultado pelo Minist\u00e9rio da Educa\u00e7\u00e3o (MEC). Cumpre ressaltar que, conforme a legisla\u00e7\u00e3o educacional [&hellip;]<\/p>\n","protected":false},"author":1,"featured_media":100865,"comment_status":"closed","ping_status":"open","sticky":false,"template":"","format":"standard","meta":{"footnotes":""},"categories":[179,184,110,122],"tags":[],"class_list":["post-100864","post","type-post","status-publish","format-standard","has-post-thumbnail","hentry","category-cidadeseregiao","category-dracena","category-noticiasdestaque","category-saudeeducacaoeconcurso"],"_links":{"self":[{"href":"https:\/\/jorgezanoni.com.br\/2019\/wp-json\/wp\/v2\/posts\/100864","targetHints":{"allow":["GET"]}}],"collection":[{"href":"https:\/\/jorgezanoni.com.br\/2019\/wp-json\/wp\/v2\/posts"}],"about":[{"href":"https:\/\/jorgezanoni.com.br\/2019\/wp-json\/wp\/v2\/types\/post"}],"author":[{"embeddable":true,"href":"https:\/\/jorgezanoni.com.br\/2019\/wp-json\/wp\/v2\/users\/1"}],"replies":[{"embeddable":true,"href":"https:\/\/jorgezanoni.com.br\/2019\/wp-json\/wp\/v2\/comments?post=100864"}],"version-history":[{"count":1,"href":"https:\/\/jorgezanoni.com.br\/2019\/wp-json\/wp\/v2\/posts\/100864\/revisions"}],"predecessor-version":[{"id":100866,"href":"https:\/\/jorgezanoni.com.br\/2019\/wp-json\/wp\/v2\/posts\/100864\/revisions\/100866"}],"wp:featuredmedia":[{"embeddable":true,"href":"https:\/\/jorgezanoni.com.br\/2019\/wp-json\/wp\/v2\/media\/100865"}],"wp:attachment":[{"href":"https:\/\/jorgezanoni.com.br\/2019\/wp-json\/wp\/v2\/media?parent=100864"}],"wp:term":[{"taxonomy":"category","embeddable":true,"href":"https:\/\/jorgezanoni.com.br\/2019\/wp-json\/wp\/v2\/categories?post=100864"},{"taxonomy":"post_tag","embeddable":true,"href":"https:\/\/jorgezanoni.com.br\/2019\/wp-json\/wp\/v2\/tags?post=100864"}],"curies":[{"name":"wp","href":"https:\/\/api.w.org\/{rel}","templated":true}]}}