{"id":10084,"date":"2019-10-31T12:15:59","date_gmt":"2019-10-31T12:15:59","guid":{"rendered":"https:\/\/jorgezanoni.com.br\/2019\/?p=10084"},"modified":"2019-10-31T12:15:59","modified_gmt":"2019-10-31T12:15:59","slug":"palestra-de-abertura-do-ecap-2019-sera-com-a-professora-edna-bedani","status":"publish","type":"post","link":"https:\/\/jorgezanoni.com.br\/2019\/palestra-de-abertura-do-ecap-2019-sera-com-a-professora-edna-bedani\/","title":{"rendered":"Palestra de abertura do ECAP 2019 ser\u00e1 com a professora Edna Bedani"},"content":{"rendered":"<p style=\"text-align: justify;\"><strong><i>ECAP \u00e9 organizado pela faculdade Unifadra, mantida pela Fundec.<\/i><\/strong><\/p>\n<p style=\"text-align: justify;\">O Encontro Cient\u00edfico da Alta Paulista (ECAP) ter\u00e1 in\u00edcio nesta ter\u00e7a-feira (5) na faculdade Unifadra e contar\u00e1\u00a0 com a palestra da professora mestra Edna Bedani.<br \/>\nO evento marca a abertura do ECAP com in\u00edcio \u00e0s 19h30 e a expectativa dos organizadores \u00e9 que mais de 400 pessoas possam acompanhar a palestra no Gin\u00e1sio Galen\u00e3o.<br \/>\nEdna Bedani \u00e9 psic\u00f3loga, mestra em Administra\u00e7\u00e3o (com tema de pesquisa: Resili\u00eancia na Gest\u00e3o de Pessoas e Organiza\u00e7\u00f5es), especialista em Gest\u00e3o Estrat\u00e9gica de RH e forma\u00e7\u00e3o em Coaching pela ICI e em Neurocoaching. Atua como palestrante, coach professora em cursos de MBA, p\u00f3s-MBA e p\u00f3s-gradua\u00e7\u00e3o em disciplinas da \u00e1rea de Lideran\u00e7a e Gest\u00e3o Estrat\u00e9gica de Pessoas, Comportamento Organizacional, Carreira, Sucess\u00e3o e Desenvolvimento de Pessoas. Atualmente, \u00e9 Gerente Geral de Ensino no A.C. Camargo C\u00e2ncer Center e Diretora Executiva de Conhecimento e Aprendizagem da ABRH-SP (gest\u00e3o desde 2013). Possui ampla experi\u00eancia na \u00e1rea de Recursos Humanos, com mais de 25 anos de atua\u00e7\u00e3o, 15 anos em posi\u00e7\u00e3o de lideran\u00e7a em empresas como Grupo P\u00e3o de A\u00e7\u00facar, VDO-Siemens, Accenture, Ticket e Rede Laureate University, ocupando posi\u00e7\u00e3o de Diretora Executiva de Recursos Humanos nas duas \u00faltimas. Carreira desenvolvida em: Atra\u00e7\u00e3o e Reten\u00e7\u00e3o de Pessoas, Educa\u00e7\u00e3o Corporativa, Gest\u00e3o Estrat\u00e9gica de Recursos Humanos, Lideran\u00e7a, Carreira e Sucess\u00e3o, Coach e forma\u00e7\u00e3o de adultos. Participou do Pr\u00eamio Top of Mind, tendo sido indicada como um dos 5 profissionais de Gest\u00e3o de Pessoas mais lembrados do Brasil, indicada tamb\u00e9m entre os profissionais de RH mais admirados e eleita um dos 15 profissionais de RH mais respeitados no Brasil.<br \/>\nO Encontro Cient\u00edfico da Alta Paulista (ECAP 2019) prossegue at\u00e9 o dia 9 de novembro e presta homenagem ao m\u00e9dico Ricardo Sobhie Diaz.<br \/>\nAs inscri\u00e7\u00f5es ainda podem ser\u00a0 feitas para a 10\u00aa edi\u00e7\u00e3o do Encontro Cient\u00edfico da Alta Paulista \u2013 ECAP na Faculdade Unifadra\/Fundec de Dracena. Acesse o site\u00a0<a href=\"https:\/\/www.fundec.edu.br\/unifadra\/ecap\">www.fundec.edu.br\/unifadra\/ecap<\/a>.<\/p>\n<p style=\"text-align: justify;\">Fonte: Comunica\u00e7\u00e3o Fundec<\/p>\n","protected":false},"excerpt":{"rendered":"<p>ECAP \u00e9 organizado pela faculdade Unifadra, mantida pela Fundec. O Encontro Cient\u00edfico da Alta Paulista (ECAP) ter\u00e1 in\u00edcio nesta ter\u00e7a-feira (5) na faculdade Unifadra e contar\u00e1\u00a0 com a palestra da professora mestra Edna Bedani. O evento marca a abertura do ECAP com in\u00edcio \u00e0s 19h30 e a expectativa dos organizadores \u00e9 que mais de 400 [&hellip;]<\/p>\n","protected":false},"author":1,"featured_media":10085,"comment_status":"closed","ping_status":"open","sticky":false,"template":"","format":"standard","meta":{"footnotes":""},"categories":[110,122],"tags":[],"class_list":["post-10084","post","type-post","status-publish","format-standard","has-post-thumbnail","hentry","category-noticiasdestaque","category-saudeeducacaoeconcurso"],"_links":{"self":[{"href":"https:\/\/jorgezanoni.com.br\/2019\/wp-json\/wp\/v2\/posts\/10084","targetHints":{"allow":["GET"]}}],"collection":[{"href":"https:\/\/jorgezanoni.com.br\/2019\/wp-json\/wp\/v2\/posts"}],"about":[{"href":"https:\/\/jorgezanoni.com.br\/2019\/wp-json\/wp\/v2\/types\/post"}],"author":[{"embeddable":true,"href":"https:\/\/jorgezanoni.com.br\/2019\/wp-json\/wp\/v2\/users\/1"}],"replies":[{"embeddable":true,"href":"https:\/\/jorgezanoni.com.br\/2019\/wp-json\/wp\/v2\/comments?post=10084"}],"version-history":[{"count":0,"href":"https:\/\/jorgezanoni.com.br\/2019\/wp-json\/wp\/v2\/posts\/10084\/revisions"}],"wp:featuredmedia":[{"embeddable":true,"href":"https:\/\/jorgezanoni.com.br\/2019\/wp-json\/wp\/v2\/media\/10085"}],"wp:attachment":[{"href":"https:\/\/jorgezanoni.com.br\/2019\/wp-json\/wp\/v2\/media?parent=10084"}],"wp:term":[{"taxonomy":"category","embeddable":true,"href":"https:\/\/jorgezanoni.com.br\/2019\/wp-json\/wp\/v2\/categories?post=10084"},{"taxonomy":"post_tag","embeddable":true,"href":"https:\/\/jorgezanoni.com.br\/2019\/wp-json\/wp\/v2\/tags?post=10084"}],"curies":[{"name":"wp","href":"https:\/\/api.w.org\/{rel}","templated":true}]}}