{"id":100837,"date":"2026-01-20T15:41:45","date_gmt":"2026-01-20T15:41:45","guid":{"rendered":"https:\/\/jorgezanoni.com.br\/2019\/?p=100837"},"modified":"2026-01-20T15:41:45","modified_gmt":"2026-01-20T15:41:45","slug":"policia-militar-prende-homem-por-trafico-de-drogas-em-dracena-24","status":"publish","type":"post","link":"https:\/\/jorgezanoni.com.br\/2019\/policia-militar-prende-homem-por-trafico-de-drogas-em-dracena-24\/","title":{"rendered":"Pol\u00edcia Militar prende homem por Tr\u00e1fico de Drogas em Dracena"},"content":{"rendered":"<p style=\"text-align: justify;\">Na data de hoje (20) por volta das 02h05min policiais militares do 25\u00ba Batalh\u00e3o de Pol\u00edcia Militar do Interior durante patrulhamento com motos pelo munic\u00edpio de Dracena pelo Jardim Santa Clara, momento em que foi avistado um indiv\u00edduo saindo da linha f\u00e9rrea sentido esta\u00e7\u00e3o ferrovi\u00e1ria, momento que foi abordado. Em busca pessoal foi localizado uma por\u00e7\u00e3o grande de crack no bolso da sua bermuda e um aparelho celular indagado quanto ao entorpecente o mesmo declarou que era para seu uso e que havia pago o valor de R$50,00 de um indiv\u00edduo Diante dos fatos foi poss\u00edvel notar que o indiv\u00edduo demonstrava grande nervosismo. Durante busca domiciliar foi localizado em uma c\u00f4moda uma caixa de sapatos, e em seu interior havia uma balan\u00e7a de precis\u00e3o, um aparelho celular desligado, moedas diversas totalizando R$ 8,40 e um ma\u00e7o de cigarros que em seu interior haviam tr\u00eas por\u00e7\u00f5es de coca\u00edna e uma pequena de crack. Novamente indagado quanto aos entorpecentes o indiciado (homem 44 anos) confessou que realmente realizava o tr\u00e1fico de drogas. Diante dos fatos dada voz de pris\u00e3o em flagrante pelo crime de tr\u00e1fico de droga. Ocorr\u00eancia conduzida at\u00e9 a Delegacia de Pol\u00edcia de Dracena permanecendo a disposi\u00e7\u00e3o da Justi\u00e7a.<\/p>\n<p>Fonte: Comunica\u00e7\u00e3o Social Pol\u00edcia Militar<\/p>\n","protected":false},"excerpt":{"rendered":"<p>Na data de hoje (20) por volta das 02h05min policiais militares do 25\u00ba Batalh\u00e3o de Pol\u00edcia Militar do Interior durante patrulhamento com motos pelo munic\u00edpio de Dracena pelo Jardim Santa Clara, momento em que foi avistado um indiv\u00edduo saindo da linha f\u00e9rrea sentido esta\u00e7\u00e3o ferrovi\u00e1ria, momento que foi abordado. Em busca pessoal foi localizado uma [&hellip;]<\/p>\n","protected":false},"author":1,"featured_media":100838,"comment_status":"closed","ping_status":"open","sticky":false,"template":"","format":"standard","meta":{"footnotes":""},"categories":[110,2],"tags":[],"class_list":["post-100837","post","type-post","status-publish","format-standard","has-post-thumbnail","hentry","category-noticiasdestaque","category-policial"],"_links":{"self":[{"href":"https:\/\/jorgezanoni.com.br\/2019\/wp-json\/wp\/v2\/posts\/100837","targetHints":{"allow":["GET"]}}],"collection":[{"href":"https:\/\/jorgezanoni.com.br\/2019\/wp-json\/wp\/v2\/posts"}],"about":[{"href":"https:\/\/jorgezanoni.com.br\/2019\/wp-json\/wp\/v2\/types\/post"}],"author":[{"embeddable":true,"href":"https:\/\/jorgezanoni.com.br\/2019\/wp-json\/wp\/v2\/users\/1"}],"replies":[{"embeddable":true,"href":"https:\/\/jorgezanoni.com.br\/2019\/wp-json\/wp\/v2\/comments?post=100837"}],"version-history":[{"count":1,"href":"https:\/\/jorgezanoni.com.br\/2019\/wp-json\/wp\/v2\/posts\/100837\/revisions"}],"predecessor-version":[{"id":100839,"href":"https:\/\/jorgezanoni.com.br\/2019\/wp-json\/wp\/v2\/posts\/100837\/revisions\/100839"}],"wp:featuredmedia":[{"embeddable":true,"href":"https:\/\/jorgezanoni.com.br\/2019\/wp-json\/wp\/v2\/media\/100838"}],"wp:attachment":[{"href":"https:\/\/jorgezanoni.com.br\/2019\/wp-json\/wp\/v2\/media?parent=100837"}],"wp:term":[{"taxonomy":"category","embeddable":true,"href":"https:\/\/jorgezanoni.com.br\/2019\/wp-json\/wp\/v2\/categories?post=100837"},{"taxonomy":"post_tag","embeddable":true,"href":"https:\/\/jorgezanoni.com.br\/2019\/wp-json\/wp\/v2\/tags?post=100837"}],"curies":[{"name":"wp","href":"https:\/\/api.w.org\/{rel}","templated":true}]}}