{"id":100815,"date":"2026-01-19T15:24:40","date_gmt":"2026-01-19T15:24:40","guid":{"rendered":"https:\/\/jorgezanoni.com.br\/2019\/?p=100815"},"modified":"2026-01-19T15:24:40","modified_gmt":"2026-01-19T15:24:40","slug":"policia-militar-prende-homem-por-furto-atraves-de-sistema-de-monitoramento-em-dracena","status":"publish","type":"post","link":"https:\/\/jorgezanoni.com.br\/2019\/policia-militar-prende-homem-por-furto-atraves-de-sistema-de-monitoramento-em-dracena\/","title":{"rendered":"Pol\u00edcia Militar prende homem por furto atrav\u00e9s de sistema de monitoramento em Dracena"},"content":{"rendered":"<p style=\"text-align: justify;\">Na data de ontem (18) por volta das 15h25min policiais militares do 25\u00ba Batalh\u00e3o de Pol\u00edcia Militar do Interior em patrulhamento pelo munic\u00edpio de Dracena, momento em que atrav\u00e9s de informa\u00e7\u00f5es vindas via rede r\u00e1dio do monitoramento de Dracena que informou que estava a visualizar um indiv\u00edduo na pratica de furto a uma resid\u00eancia na rua Euclides da Cunha. Ato continuo esta equipe prosseguiu at\u00e9 o local e na via Marcelo Samuel Modeneli foi avistado o indiciado (homem 42 anos) levando consigo uma sacola pl\u00e1stica, no momento da abordagem foram encontrados um registro hidr\u00e1ulico, uma chave de fenda, 4 torneiras com marcas de uso e 3 cadeados, sendo dois deles estourados. No local do furto, foi feito contato com o propriet\u00e1rio. Ocorr\u00eancia apresentada no Plant\u00e3o de Pol\u00edcia Judici\u00e1ria de Dracena, permanecendo o homem preso \u00e0 disposi\u00e7\u00e3o da Justi\u00e7a.<\/p>\n<p style=\"text-align: justify;\">Fonte: Comunica\u00e7\u00e3o Social Pol\u00edcia Militar<\/p>\n","protected":false},"excerpt":{"rendered":"<p>Na data de ontem (18) por volta das 15h25min policiais militares do 25\u00ba Batalh\u00e3o de Pol\u00edcia Militar do Interior em patrulhamento pelo munic\u00edpio de Dracena, momento em que atrav\u00e9s de informa\u00e7\u00f5es vindas via rede r\u00e1dio do monitoramento de Dracena que informou que estava a visualizar um indiv\u00edduo na pratica de furto a uma resid\u00eancia na [&hellip;]<\/p>\n","protected":false},"author":1,"featured_media":100816,"comment_status":"closed","ping_status":"open","sticky":false,"template":"","format":"standard","meta":{"footnotes":""},"categories":[110,2],"tags":[],"class_list":["post-100815","post","type-post","status-publish","format-standard","has-post-thumbnail","hentry","category-noticiasdestaque","category-policial"],"_links":{"self":[{"href":"https:\/\/jorgezanoni.com.br\/2019\/wp-json\/wp\/v2\/posts\/100815","targetHints":{"allow":["GET"]}}],"collection":[{"href":"https:\/\/jorgezanoni.com.br\/2019\/wp-json\/wp\/v2\/posts"}],"about":[{"href":"https:\/\/jorgezanoni.com.br\/2019\/wp-json\/wp\/v2\/types\/post"}],"author":[{"embeddable":true,"href":"https:\/\/jorgezanoni.com.br\/2019\/wp-json\/wp\/v2\/users\/1"}],"replies":[{"embeddable":true,"href":"https:\/\/jorgezanoni.com.br\/2019\/wp-json\/wp\/v2\/comments?post=100815"}],"version-history":[{"count":1,"href":"https:\/\/jorgezanoni.com.br\/2019\/wp-json\/wp\/v2\/posts\/100815\/revisions"}],"predecessor-version":[{"id":100817,"href":"https:\/\/jorgezanoni.com.br\/2019\/wp-json\/wp\/v2\/posts\/100815\/revisions\/100817"}],"wp:featuredmedia":[{"embeddable":true,"href":"https:\/\/jorgezanoni.com.br\/2019\/wp-json\/wp\/v2\/media\/100816"}],"wp:attachment":[{"href":"https:\/\/jorgezanoni.com.br\/2019\/wp-json\/wp\/v2\/media?parent=100815"}],"wp:term":[{"taxonomy":"category","embeddable":true,"href":"https:\/\/jorgezanoni.com.br\/2019\/wp-json\/wp\/v2\/categories?post=100815"},{"taxonomy":"post_tag","embeddable":true,"href":"https:\/\/jorgezanoni.com.br\/2019\/wp-json\/wp\/v2\/tags?post=100815"}],"curies":[{"name":"wp","href":"https:\/\/api.w.org\/{rel}","templated":true}]}}