{"id":100711,"date":"2026-01-13T16:44:35","date_gmt":"2026-01-13T16:44:35","guid":{"rendered":"https:\/\/jorgezanoni.com.br\/2019\/?p=100711"},"modified":"2026-01-13T16:48:41","modified_gmt":"2026-01-13T16:48:41","slug":"acidente-entre-caminhao-e-moto-deixa-mulher-ferida-na-magid-zacharias","status":"publish","type":"post","link":"https:\/\/jorgezanoni.com.br\/2019\/acidente-entre-caminhao-e-moto-deixa-mulher-ferida-na-magid-zacharias\/","title":{"rendered":"Acidente entre caminh\u00e3o e moto deixa mulher ferida na Magid Zacharias"},"content":{"rendered":"<p style=\"text-align: justify;\"><strong>Acidente foi registrado na manh\u00e3 desta ter\u00e7a-feira (13), na esquina das Ruas Magid Zacharias com Monte Castelo em Dracena.<\/strong><\/p>\n<p style=\"text-align: justify;\">Segundo informa\u00e7\u00f5es obtidas no local pela reportagem do SITE JZ e TOP TV, um caminh\u00e3o ba\u00fa fazia o sentido centro-bairro pela Monte Castelo (Via preferencial), quando a condutora da moto biz teria invadido o sinal de Pare pela Magid, ocorrendo a batida.<\/p>\n<p style=\"text-align: justify;\">A condutora da moto de 61 anos, caiu ao solo e sofreu diversas escoria\u00e7\u00f5es no bra\u00e7o e p\u00e9, sendo socorrida por uma unidade de resgate do Corpo de Bombeiros at\u00e9 o Pronto atendimento Municipal do Bairro S\u00e3o Crist\u00f3v\u00e3o.<\/p>\n<p style=\"text-align: justify;\">As pol\u00edcias Militar e T\u00e9cnica compareceram ao local para os levantamentos e apura\u00e7\u00e3o dos fatos.<\/p>\n<p><img loading=\"lazy\" decoding=\"async\" class=\"alignnone size-full wp-image-100713\" src=\"https:\/\/jorgezanoni.com.br\/2019\/wp-content\/uploads\/2026\/01\/2.jpeg\" alt=\"\" width=\"720\" height=\"1280\" srcset=\"https:\/\/jorgezanoni.com.br\/2019\/wp-content\/uploads\/2026\/01\/2.jpeg 720w, https:\/\/jorgezanoni.com.br\/2019\/wp-content\/uploads\/2026\/01\/2-169x300.jpeg 169w, https:\/\/jorgezanoni.com.br\/2019\/wp-content\/uploads\/2026\/01\/2-576x1024.jpeg 576w, https:\/\/jorgezanoni.com.br\/2019\/wp-content\/uploads\/2026\/01\/2-696x1237.jpeg 696w, https:\/\/jorgezanoni.com.br\/2019\/wp-content\/uploads\/2026\/01\/2-236x420.jpeg 236w\" sizes=\"auto, (max-width: 720px) 100vw, 720px\" \/> <img loading=\"lazy\" decoding=\"async\" class=\"alignnone size-full wp-image-100714\" src=\"https:\/\/jorgezanoni.com.br\/2019\/wp-content\/uploads\/2026\/01\/3-1.jpeg\" alt=\"\" width=\"670\" height=\"780\" srcset=\"https:\/\/jorgezanoni.com.br\/2019\/wp-content\/uploads\/2026\/01\/3-1.jpeg 670w, https:\/\/jorgezanoni.com.br\/2019\/wp-content\/uploads\/2026\/01\/3-1-258x300.jpeg 258w, https:\/\/jorgezanoni.com.br\/2019\/wp-content\/uploads\/2026\/01\/3-1-361x420.jpeg 361w\" sizes=\"auto, (max-width: 670px) 100vw, 670px\" \/> <img loading=\"lazy\" decoding=\"async\" class=\"alignnone size-full wp-image-100715\" src=\"https:\/\/jorgezanoni.com.br\/2019\/wp-content\/uploads\/2026\/01\/4.jpeg\" alt=\"\" width=\"1600\" height=\"900\" srcset=\"https:\/\/jorgezanoni.com.br\/2019\/wp-content\/uploads\/2026\/01\/4.jpeg 1600w, https:\/\/jorgezanoni.com.br\/2019\/wp-content\/uploads\/2026\/01\/4-300x169.jpeg 300w, https:\/\/jorgezanoni.com.br\/2019\/wp-content\/uploads\/2026\/01\/4-1024x576.jpeg 1024w, https:\/\/jorgezanoni.com.br\/2019\/wp-content\/uploads\/2026\/01\/4-768x432.jpeg 768w, https:\/\/jorgezanoni.com.br\/2019\/wp-content\/uploads\/2026\/01\/4-1536x864.jpeg 1536w, https:\/\/jorgezanoni.com.br\/2019\/wp-content\/uploads\/2026\/01\/4-696x392.jpeg 696w, https:\/\/jorgezanoni.com.br\/2019\/wp-content\/uploads\/2026\/01\/4-1068x601.jpeg 1068w, https:\/\/jorgezanoni.com.br\/2019\/wp-content\/uploads\/2026\/01\/4-747x420.jpeg 747w\" sizes=\"auto, (max-width: 1600px) 100vw, 1600px\" \/><\/p>\n<p>Jorge Zanoni<\/p>\n","protected":false},"excerpt":{"rendered":"<p>Acidente foi registrado na manh\u00e3 desta ter\u00e7a-feira (13), na esquina das Ruas Magid Zacharias com Monte Castelo em Dracena. Segundo informa\u00e7\u00f5es obtidas no local pela reportagem do SITE JZ e TOP TV, um caminh\u00e3o ba\u00fa fazia o sentido centro-bairro pela Monte Castelo (Via preferencial), quando a condutora da moto biz teria invadido o sinal de [&hellip;]<\/p>\n","protected":false},"author":1,"featured_media":100718,"comment_status":"closed","ping_status":"open","sticky":false,"template":"","format":"standard","meta":{"footnotes":""},"categories":[170,110],"tags":[],"class_list":["post-100711","post","type-post","status-publish","format-standard","has-post-thumbnail","hentry","category-acidentes","category-noticiasdestaque"],"_links":{"self":[{"href":"https:\/\/jorgezanoni.com.br\/2019\/wp-json\/wp\/v2\/posts\/100711","targetHints":{"allow":["GET"]}}],"collection":[{"href":"https:\/\/jorgezanoni.com.br\/2019\/wp-json\/wp\/v2\/posts"}],"about":[{"href":"https:\/\/jorgezanoni.com.br\/2019\/wp-json\/wp\/v2\/types\/post"}],"author":[{"embeddable":true,"href":"https:\/\/jorgezanoni.com.br\/2019\/wp-json\/wp\/v2\/users\/1"}],"replies":[{"embeddable":true,"href":"https:\/\/jorgezanoni.com.br\/2019\/wp-json\/wp\/v2\/comments?post=100711"}],"version-history":[{"count":1,"href":"https:\/\/jorgezanoni.com.br\/2019\/wp-json\/wp\/v2\/posts\/100711\/revisions"}],"predecessor-version":[{"id":100717,"href":"https:\/\/jorgezanoni.com.br\/2019\/wp-json\/wp\/v2\/posts\/100711\/revisions\/100717"}],"wp:featuredmedia":[{"embeddable":true,"href":"https:\/\/jorgezanoni.com.br\/2019\/wp-json\/wp\/v2\/media\/100718"}],"wp:attachment":[{"href":"https:\/\/jorgezanoni.com.br\/2019\/wp-json\/wp\/v2\/media?parent=100711"}],"wp:term":[{"taxonomy":"category","embeddable":true,"href":"https:\/\/jorgezanoni.com.br\/2019\/wp-json\/wp\/v2\/categories?post=100711"},{"taxonomy":"post_tag","embeddable":true,"href":"https:\/\/jorgezanoni.com.br\/2019\/wp-json\/wp\/v2\/tags?post=100711"}],"curies":[{"name":"wp","href":"https:\/\/api.w.org\/{rel}","templated":true}]}}