{"id":100692,"date":"2026-01-12T14:38:44","date_gmt":"2026-01-12T14:38:44","guid":{"rendered":"https:\/\/jorgezanoni.com.br\/2019\/?p=100692"},"modified":"2026-01-12T14:38:44","modified_gmt":"2026-01-12T14:38:44","slug":"acidente-mata-mulher-e-deixa-crianca-gravemente-ferida-na-sp-294-em-pacaembu","status":"publish","type":"post","link":"https:\/\/jorgezanoni.com.br\/2019\/acidente-mata-mulher-e-deixa-crianca-gravemente-ferida-na-sp-294-em-pacaembu\/","title":{"rendered":"Acidente mata mulher e deixa crian\u00e7a gravemente ferida na SP-294 em Pacaembu"},"content":{"rendered":"<p style=\"text-align: justify;\"><strong>Um grave acidente de tr\u00e2nsito aconteceu na manh\u00e3 desta segunda-feira (12), nas proximidades do trevo de acesso a Pacaembu (entre o trevo do cemit\u00e9rio e o da santa). A v\u00edtima fatal \u00e9 J\u00e9ssica Maria Gon\u00e7alves, 34 anos.<\/strong><\/p>\n<p style=\"text-align: justify;\">As informa\u00e7\u00f5es preliminares repassadas pela pol\u00edcia, d\u00e3o conta de que uma mulher que estava em um ve\u00edculo Gol palcas de Panorama, seguia no sentido Irapuru\/Pacaembu, cruzou a pista por motivos desconhecidos e colidiu contra um caminh\u00e3o ba\u00fa placas de Pacaemb\u00fa que seguia no sentido contr\u00e1rio.<\/p>\n<p style=\"text-align: justify;\">A pol\u00edcia tamb\u00e9m informou que no carro, estavam a mulher que chegou a ser socorrida, mas teve o \u00f3bito constatado e uma crian\u00e7a que teria sofrido ferimentos graves.<\/p>\n<p style=\"text-align: justify;\">O motorista do caminh\u00e3o teria ficado retido em seu interior, mas sem ferimentos graves.<\/p>\n<p style=\"text-align: justify;\">Equipes do Corpo de Bombeiros de Adamantina, da concession\u00e1ria Eixo e da Pol\u00edcia Militar atuam no local, realizando o atendimento \u00e0 ocorr\u00eancia.<\/p>\n<p style=\"text-align: justify;\">O tr\u00e1fego pela via exige aten\u00e7\u00e3o redobrada dos motoristas, uma vez que um dos ve\u00edculos envolvidos permanece sobre a faixa de rolamento, podendo causar lentid\u00e3o e risco de novos acidentes.<\/p>\n<p style=\"text-align: justify;\">A nossa equipe de reportagem segue acompanhando o caso. Novas informa\u00e7\u00f5es poder\u00e3o ser acrescentadas e o conte\u00fado atualizado a qualquer momento, conforme a divulga\u00e7\u00e3o de dados oficiais.<\/p>\n<p>Fonte: Folha Regional\/Diego Fernandes<\/p>\n<p><img loading=\"lazy\" decoding=\"async\" class=\"alignnone size-full wp-image-100693\" src=\"https:\/\/jorgezanoni.com.br\/2019\/wp-content\/uploads\/2026\/01\/paca2-Pequeno.jpg\" alt=\"\" width=\"600\" height=\"397\" srcset=\"https:\/\/jorgezanoni.com.br\/2019\/wp-content\/uploads\/2026\/01\/paca2-Pequeno.jpg 600w, https:\/\/jorgezanoni.com.br\/2019\/wp-content\/uploads\/2026\/01\/paca2-Pequeno-300x199.jpg 300w\" sizes=\"auto, (max-width: 600px) 100vw, 600px\" \/> <img loading=\"lazy\" decoding=\"async\" class=\"alignnone size-full wp-image-100694\" src=\"https:\/\/jorgezanoni.com.br\/2019\/wp-content\/uploads\/2026\/01\/paca-Pequeno.jpg\" alt=\"\" width=\"600\" height=\"382\" srcset=\"https:\/\/jorgezanoni.com.br\/2019\/wp-content\/uploads\/2026\/01\/paca-Pequeno.jpg 600w, https:\/\/jorgezanoni.com.br\/2019\/wp-content\/uploads\/2026\/01\/paca-Pequeno-300x191.jpg 300w\" sizes=\"auto, (max-width: 600px) 100vw, 600px\" \/><\/p>\n<p>Jorge Zanoni<\/p>\n","protected":false},"excerpt":{"rendered":"<p>Um grave acidente de tr\u00e2nsito aconteceu na manh\u00e3 desta segunda-feira (12), nas proximidades do trevo de acesso a Pacaembu (entre o trevo do cemit\u00e9rio e o da santa). A v\u00edtima fatal \u00e9 J\u00e9ssica Maria Gon\u00e7alves, 34 anos. As informa\u00e7\u00f5es preliminares repassadas pela pol\u00edcia, d\u00e3o conta de que uma mulher que estava em um ve\u00edculo Gol [&hellip;]<\/p>\n","protected":false},"author":1,"featured_media":100695,"comment_status":"closed","ping_status":"open","sticky":false,"template":"","format":"standard","meta":{"footnotes":""},"categories":[170,110],"tags":[],"class_list":["post-100692","post","type-post","status-publish","format-standard","has-post-thumbnail","hentry","category-acidentes","category-noticiasdestaque"],"_links":{"self":[{"href":"https:\/\/jorgezanoni.com.br\/2019\/wp-json\/wp\/v2\/posts\/100692","targetHints":{"allow":["GET"]}}],"collection":[{"href":"https:\/\/jorgezanoni.com.br\/2019\/wp-json\/wp\/v2\/posts"}],"about":[{"href":"https:\/\/jorgezanoni.com.br\/2019\/wp-json\/wp\/v2\/types\/post"}],"author":[{"embeddable":true,"href":"https:\/\/jorgezanoni.com.br\/2019\/wp-json\/wp\/v2\/users\/1"}],"replies":[{"embeddable":true,"href":"https:\/\/jorgezanoni.com.br\/2019\/wp-json\/wp\/v2\/comments?post=100692"}],"version-history":[{"count":1,"href":"https:\/\/jorgezanoni.com.br\/2019\/wp-json\/wp\/v2\/posts\/100692\/revisions"}],"predecessor-version":[{"id":100696,"href":"https:\/\/jorgezanoni.com.br\/2019\/wp-json\/wp\/v2\/posts\/100692\/revisions\/100696"}],"wp:featuredmedia":[{"embeddable":true,"href":"https:\/\/jorgezanoni.com.br\/2019\/wp-json\/wp\/v2\/media\/100695"}],"wp:attachment":[{"href":"https:\/\/jorgezanoni.com.br\/2019\/wp-json\/wp\/v2\/media?parent=100692"}],"wp:term":[{"taxonomy":"category","embeddable":true,"href":"https:\/\/jorgezanoni.com.br\/2019\/wp-json\/wp\/v2\/categories?post=100692"},{"taxonomy":"post_tag","embeddable":true,"href":"https:\/\/jorgezanoni.com.br\/2019\/wp-json\/wp\/v2\/tags?post=100692"}],"curies":[{"name":"wp","href":"https:\/\/api.w.org\/{rel}","templated":true}]}}