{"id":100641,"date":"2026-01-10T16:50:13","date_gmt":"2026-01-10T16:50:13","guid":{"rendered":"https:\/\/jorgezanoni.com.br\/2019\/?p=100641"},"modified":"2026-01-10T16:50:13","modified_gmt":"2026-01-10T16:50:13","slug":"forca-tatica-prende-homem-por-trafico-de-drogas-em-dracena","status":"publish","type":"post","link":"https:\/\/jorgezanoni.com.br\/2019\/forca-tatica-prende-homem-por-trafico-de-drogas-em-dracena\/","title":{"rendered":"For\u00e7a T\u00e1tica prende homem por Tr\u00e1fico de Drogas em Dracena"},"content":{"rendered":"<p style=\"text-align: justify;\">Na noite de hoje (09) por volta 18h00, policiais militares da For\u00e7a T\u00e1tica do 25\u00ba Batalh\u00e3o de Pol\u00edcia Militar do Interior, durante patrulhamento no munic\u00edpio de Dracena, realizaram a pris\u00e3o de um indiv\u00edduo por tr\u00e1fico de drogas.<br \/>\nDurante o patrulhamento pela Avenida Presidente Roosevelt, a equipe visualizou um indiv\u00edduo em frente a uma resid\u00eancia portando algo nas m\u00e3os. Ao perceber a presen\u00e7a policial, o suspeito correu para o interior do im\u00f3vel, sendo acompanhado pelos policiais. Em ato cont\u00ednuo, o indiv\u00edduo arremessou por\u00e7\u00f5es de entorpecentes para os fundos da resid\u00eancia e em buscas pelo local, foi localizada uma das por\u00e7\u00f5es de drogas arremessadas, ocasi\u00e3o em que o abordado confessou a pr\u00e1tica do tr\u00e1fico. Em continuidade \u00e0s buscas, foram localizadas na laje da resid\u00eancia diversas por\u00e7\u00f5es de entorpecentes, al\u00e9m de balan\u00e7as de precis\u00e3o e uma prensa. Na cozinha, foram encontrados apetrechos utilizados para o preparo da droga e uma espingarda de press\u00e3o.<br \/>\nDiante dos fatos, foi dada voz de pris\u00e3o e encaminhado ao Plant\u00e3o Policial, onde permaneceu preso \u00e0 disposi\u00e7\u00e3o da Justi\u00e7a.<\/p>\n<p>Fonte: Comunica\u00e7\u00e3o e Marketing<\/p>\n","protected":false},"excerpt":{"rendered":"<p>Na noite de hoje (09) por volta 18h00, policiais militares da For\u00e7a T\u00e1tica do 25\u00ba Batalh\u00e3o de Pol\u00edcia Militar do Interior, durante patrulhamento no munic\u00edpio de Dracena, realizaram a pris\u00e3o de um indiv\u00edduo por tr\u00e1fico de drogas. Durante o patrulhamento pela Avenida Presidente Roosevelt, a equipe visualizou um indiv\u00edduo em frente a uma resid\u00eancia portando [&hellip;]<\/p>\n","protected":false},"author":1,"featured_media":100642,"comment_status":"closed","ping_status":"open","sticky":false,"template":"","format":"standard","meta":{"footnotes":""},"categories":[110,2],"tags":[],"class_list":["post-100641","post","type-post","status-publish","format-standard","has-post-thumbnail","hentry","category-noticiasdestaque","category-policial"],"_links":{"self":[{"href":"https:\/\/jorgezanoni.com.br\/2019\/wp-json\/wp\/v2\/posts\/100641","targetHints":{"allow":["GET"]}}],"collection":[{"href":"https:\/\/jorgezanoni.com.br\/2019\/wp-json\/wp\/v2\/posts"}],"about":[{"href":"https:\/\/jorgezanoni.com.br\/2019\/wp-json\/wp\/v2\/types\/post"}],"author":[{"embeddable":true,"href":"https:\/\/jorgezanoni.com.br\/2019\/wp-json\/wp\/v2\/users\/1"}],"replies":[{"embeddable":true,"href":"https:\/\/jorgezanoni.com.br\/2019\/wp-json\/wp\/v2\/comments?post=100641"}],"version-history":[{"count":1,"href":"https:\/\/jorgezanoni.com.br\/2019\/wp-json\/wp\/v2\/posts\/100641\/revisions"}],"predecessor-version":[{"id":100643,"href":"https:\/\/jorgezanoni.com.br\/2019\/wp-json\/wp\/v2\/posts\/100641\/revisions\/100643"}],"wp:featuredmedia":[{"embeddable":true,"href":"https:\/\/jorgezanoni.com.br\/2019\/wp-json\/wp\/v2\/media\/100642"}],"wp:attachment":[{"href":"https:\/\/jorgezanoni.com.br\/2019\/wp-json\/wp\/v2\/media?parent=100641"}],"wp:term":[{"taxonomy":"category","embeddable":true,"href":"https:\/\/jorgezanoni.com.br\/2019\/wp-json\/wp\/v2\/categories?post=100641"},{"taxonomy":"post_tag","embeddable":true,"href":"https:\/\/jorgezanoni.com.br\/2019\/wp-json\/wp\/v2\/tags?post=100641"}],"curies":[{"name":"wp","href":"https:\/\/api.w.org\/{rel}","templated":true}]}}