{"id":100626,"date":"2026-01-09T20:02:58","date_gmt":"2026-01-09T20:02:58","guid":{"rendered":"https:\/\/jorgezanoni.com.br\/2019\/?p=100626"},"modified":"2026-01-09T20:02:58","modified_gmt":"2026-01-09T20:02:58","slug":"policia-militar-prende-cinco-individuos-em-flagrante-por-furto-em-dracena","status":"publish","type":"post","link":"https:\/\/jorgezanoni.com.br\/2019\/policia-militar-prende-cinco-individuos-em-flagrante-por-furto-em-dracena\/","title":{"rendered":"Pol\u00edcia Militar prende cinco individuos em flagrante por furto em Dracena"},"content":{"rendered":"<p style=\"text-align: justify;\">Na madrugada desta quinta-feira (09), policiais militares do 25\u00ba Batalh\u00e3o de Pol\u00edcia Militar do Interior prenderam quatro indiv\u00edduos em flagrante pelo crime de furto no munic\u00edpio de Dracena.<br \/>\nAs equipes foram acionadas para averigua\u00e7\u00e3o de indiv\u00edduos em atitude suspeita em um im\u00f3vel desabitado, ap\u00f3s vizinhos relatarem barulhos no local. Ao chegarem, foi realizado o cerco do im\u00f3vel, sendo constatada a presen\u00e7a de pessoas em seu interior, as quais retiravam fia\u00e7\u00e3o el\u00e9trica.<br \/>\nDurante a abordagem, um dos suspeitos tentou se esconder dentro da resid\u00eancia, sendo localizado. No local, foram encontrados diversos sacos contendo grande quantidade de fios de cobre, objetos de alum\u00ednio, churrasqueira e outros pertences, posteriormente reconhecidos pelo respons\u00e1vel pelo im\u00f3vel.<br \/>\nPosteriormente, as equipes foram informadas sobre um quinto envolvido que havia se evadido do local. Ap\u00f3s dilig\u00eancias, o indiv\u00edduo foi localizado e conduzido \u00e0 autoridade policial.<br \/>\nDiante dos fatos, foi dada voz de pris\u00e3o aos envolvidos, que foram encaminhados ao Plant\u00e3o Policial, onde a pris\u00e3o em flagrante foi ratificada, permanecendo todos \u00e0 disposi\u00e7\u00e3o da Justi\u00e7a.<\/p>\n<p>Fonte: Comunica\u00e7\u00e3o Social Pol\u00edcia Militar<\/p>\n","protected":false},"excerpt":{"rendered":"<p>Na madrugada desta quinta-feira (09), policiais militares do 25\u00ba Batalh\u00e3o de Pol\u00edcia Militar do Interior prenderam quatro indiv\u00edduos em flagrante pelo crime de furto no munic\u00edpio de Dracena. As equipes foram acionadas para averigua\u00e7\u00e3o de indiv\u00edduos em atitude suspeita em um im\u00f3vel desabitado, ap\u00f3s vizinhos relatarem barulhos no local. Ao chegarem, foi realizado o cerco [&hellip;]<\/p>\n","protected":false},"author":1,"featured_media":100627,"comment_status":"closed","ping_status":"open","sticky":false,"template":"","format":"standard","meta":{"footnotes":""},"categories":[110,2],"tags":[],"class_list":["post-100626","post","type-post","status-publish","format-standard","has-post-thumbnail","hentry","category-noticiasdestaque","category-policial"],"_links":{"self":[{"href":"https:\/\/jorgezanoni.com.br\/2019\/wp-json\/wp\/v2\/posts\/100626","targetHints":{"allow":["GET"]}}],"collection":[{"href":"https:\/\/jorgezanoni.com.br\/2019\/wp-json\/wp\/v2\/posts"}],"about":[{"href":"https:\/\/jorgezanoni.com.br\/2019\/wp-json\/wp\/v2\/types\/post"}],"author":[{"embeddable":true,"href":"https:\/\/jorgezanoni.com.br\/2019\/wp-json\/wp\/v2\/users\/1"}],"replies":[{"embeddable":true,"href":"https:\/\/jorgezanoni.com.br\/2019\/wp-json\/wp\/v2\/comments?post=100626"}],"version-history":[{"count":1,"href":"https:\/\/jorgezanoni.com.br\/2019\/wp-json\/wp\/v2\/posts\/100626\/revisions"}],"predecessor-version":[{"id":100628,"href":"https:\/\/jorgezanoni.com.br\/2019\/wp-json\/wp\/v2\/posts\/100626\/revisions\/100628"}],"wp:featuredmedia":[{"embeddable":true,"href":"https:\/\/jorgezanoni.com.br\/2019\/wp-json\/wp\/v2\/media\/100627"}],"wp:attachment":[{"href":"https:\/\/jorgezanoni.com.br\/2019\/wp-json\/wp\/v2\/media?parent=100626"}],"wp:term":[{"taxonomy":"category","embeddable":true,"href":"https:\/\/jorgezanoni.com.br\/2019\/wp-json\/wp\/v2\/categories?post=100626"},{"taxonomy":"post_tag","embeddable":true,"href":"https:\/\/jorgezanoni.com.br\/2019\/wp-json\/wp\/v2\/tags?post=100626"}],"curies":[{"name":"wp","href":"https:\/\/api.w.org\/{rel}","templated":true}]}}