{"id":100615,"date":"2026-01-09T19:29:02","date_gmt":"2026-01-09T19:29:02","guid":{"rendered":"https:\/\/jorgezanoni.com.br\/2019\/?p=100615"},"modified":"2026-01-09T19:31:47","modified_gmt":"2026-01-09T19:31:47","slug":"jovem-fica-gravemente-ferido-em-colisao-frontal-de-motocicleta-com-carreta","status":"publish","type":"post","link":"https:\/\/jorgezanoni.com.br\/2019\/jovem-fica-gravemente-ferido-em-colisao-frontal-de-motocicleta-com-carreta\/","title":{"rendered":"Jovem fica gravemente ferido em colis\u00e3o frontal de motocicleta com carreta"},"content":{"rendered":"<p style=\"text-align: justify;\"><strong>Acidente aconteceu na Rodovia Byron de Azevedo Nogueira, em cima do pontilh\u00e3o da Rodovia General Euclides de Oliveira Figueiredo, SP-563, no in\u00edcio da tarde desta sexta-feira (09).<\/strong><\/p>\n<p style=\"text-align: justify;\">Segundo informa\u00e7\u00f5es obtidas no local pela reportagem do SITE JZ e TOP TV, a motocicleta conduzida por um rapaz de 25 anos, morador de Ouro Verde, que faz entrega de mercadorias, fazia o sentido daquela cidade \u00e0 Dracena, e por motivos a serem apurados, bateu frontalmente com uma carreta de Panorama que fazia o sentido contr\u00e1rio.<\/p>\n<p style=\"text-align: justify;\">A batida foi violenta causando ferimentos graves no motociclista, sendo socorrido por uma Unidade de Resgate do Corpo de Bombeiros ao Pronto Atendimento Municipal do Bairro S\u00e3o Crist\u00f3v\u00e3o em Dracena. As informa\u00e7oes preliminares \u00e9 que ele teria tido fratura em bra\u00e7o, perna e boca. O motorista da carreta n\u00e3o se feriu.<\/p>\n<p style=\"text-align: justify;\">Em contato com o Prefeito Municipal de Ouro Verde Julio Cesar de Mori Vecchiati (Juli\u00e3o) e seu vide Wanderley Alc\u00e2ntara que passavam pelo local, h\u00e1 pedidos j\u00e1 protocolados junto ao D.E.R (Departamento de Estradas de Rodagem e na Secretar\u00eda dos Transportes, para que aconte\u00e7am mudan\u00e7as nas al\u00e7as de entrada do trevo, justamente pensando na seguran\u00e7a dos condutores. Outro pedido, \u00e9 para que volte a sinaliza\u00e7\u00e3o de PARE como estava antes de ser implantada a atual, pois os usu\u00e1rios do local s\u00e3o un\u00e2nimes em achar que n\u00e3o se pode parar em uma rodovia para dar acesso a quem entra nela.<\/p>\n<p style=\"text-align: justify;\">As Pol\u00edcias Militar Rodovi\u00e1ria e Per\u00edcia T\u00e9cnica, estiveram no local e ir\u00e3o apontar as reais causas do acidente.<\/p>\n<p><img loading=\"lazy\" decoding=\"async\" class=\"alignnone size-full wp-image-100617\" src=\"https:\/\/jorgezanoni.com.br\/2019\/wp-content\/uploads\/2026\/01\/02-1-Pequeno.jpg\" alt=\"\" width=\"390\" height=\"480\" srcset=\"https:\/\/jorgezanoni.com.br\/2019\/wp-content\/uploads\/2026\/01\/02-1-Pequeno.jpg 390w, https:\/\/jorgezanoni.com.br\/2019\/wp-content\/uploads\/2026\/01\/02-1-Pequeno-244x300.jpg 244w, https:\/\/jorgezanoni.com.br\/2019\/wp-content\/uploads\/2026\/01\/02-1-Pequeno-324x400.jpg 324w, https:\/\/jorgezanoni.com.br\/2019\/wp-content\/uploads\/2026\/01\/02-1-Pequeno-341x420.jpg 341w\" sizes=\"auto, (max-width: 390px) 100vw, 390px\" \/> <img loading=\"lazy\" decoding=\"async\" class=\"alignnone size-full wp-image-100618\" src=\"https:\/\/jorgezanoni.com.br\/2019\/wp-content\/uploads\/2026\/01\/03-1-Pequeno.jpg\" alt=\"\" width=\"734\" height=\"480\" srcset=\"https:\/\/jorgezanoni.com.br\/2019\/wp-content\/uploads\/2026\/01\/03-1-Pequeno.jpg 734w, https:\/\/jorgezanoni.com.br\/2019\/wp-content\/uploads\/2026\/01\/03-1-Pequeno-300x196.jpg 300w, https:\/\/jorgezanoni.com.br\/2019\/wp-content\/uploads\/2026\/01\/03-1-Pequeno-696x455.jpg 696w, https:\/\/jorgezanoni.com.br\/2019\/wp-content\/uploads\/2026\/01\/03-1-Pequeno-642x420.jpg 642w\" sizes=\"auto, (max-width: 734px) 100vw, 734px\" \/> <img loading=\"lazy\" decoding=\"async\" class=\"alignnone size-full wp-image-100619\" src=\"https:\/\/jorgezanoni.com.br\/2019\/wp-content\/uploads\/2026\/01\/04-1-Pequeno.jpg\" alt=\"\" width=\"377\" height=\"480\" srcset=\"https:\/\/jorgezanoni.com.br\/2019\/wp-content\/uploads\/2026\/01\/04-1-Pequeno.jpg 377w, https:\/\/jorgezanoni.com.br\/2019\/wp-content\/uploads\/2026\/01\/04-1-Pequeno-236x300.jpg 236w, https:\/\/jorgezanoni.com.br\/2019\/wp-content\/uploads\/2026\/01\/04-1-Pequeno-330x420.jpg 330w\" sizes=\"auto, (max-width: 377px) 100vw, 377px\" \/> <img loading=\"lazy\" decoding=\"async\" class=\"alignnone size-full wp-image-100620\" src=\"https:\/\/jorgezanoni.com.br\/2019\/wp-content\/uploads\/2026\/01\/05-1-Pequeno.jpg\" alt=\"\" width=\"854\" height=\"414\" srcset=\"https:\/\/jorgezanoni.com.br\/2019\/wp-content\/uploads\/2026\/01\/05-1-Pequeno.jpg 854w, https:\/\/jorgezanoni.com.br\/2019\/wp-content\/uploads\/2026\/01\/05-1-Pequeno-300x145.jpg 300w, https:\/\/jorgezanoni.com.br\/2019\/wp-content\/uploads\/2026\/01\/05-1-Pequeno-768x372.jpg 768w, https:\/\/jorgezanoni.com.br\/2019\/wp-content\/uploads\/2026\/01\/05-1-Pequeno-696x337.jpg 696w\" sizes=\"auto, (max-width: 854px) 100vw, 854px\" \/> <img loading=\"lazy\" decoding=\"async\" class=\"alignnone size-full wp-image-100621\" src=\"https:\/\/jorgezanoni.com.br\/2019\/wp-content\/uploads\/2026\/01\/06-Pequeno.jpg\" alt=\"\" width=\"853\" height=\"480\" srcset=\"https:\/\/jorgezanoni.com.br\/2019\/wp-content\/uploads\/2026\/01\/06-Pequeno.jpg 853w, https:\/\/jorgezanoni.com.br\/2019\/wp-content\/uploads\/2026\/01\/06-Pequeno-300x169.jpg 300w, https:\/\/jorgezanoni.com.br\/2019\/wp-content\/uploads\/2026\/01\/06-Pequeno-768x432.jpg 768w, https:\/\/jorgezanoni.com.br\/2019\/wp-content\/uploads\/2026\/01\/06-Pequeno-696x392.jpg 696w, https:\/\/jorgezanoni.com.br\/2019\/wp-content\/uploads\/2026\/01\/06-Pequeno-746x420.jpg 746w\" sizes=\"auto, (max-width: 853px) 100vw, 853px\" \/> <img loading=\"lazy\" decoding=\"async\" class=\"alignnone size-full wp-image-100622\" src=\"https:\/\/jorgezanoni.com.br\/2019\/wp-content\/uploads\/2026\/01\/07-1-Pequeno.jpg\" alt=\"\" width=\"598\" height=\"375\" srcset=\"https:\/\/jorgezanoni.com.br\/2019\/wp-content\/uploads\/2026\/01\/07-1-Pequeno.jpg 598w, https:\/\/jorgezanoni.com.br\/2019\/wp-content\/uploads\/2026\/01\/07-1-Pequeno-300x188.jpg 300w\" sizes=\"auto, (max-width: 598px) 100vw, 598px\" \/> <img loading=\"lazy\" decoding=\"async\" class=\"alignnone size-full wp-image-100623\" src=\"https:\/\/jorgezanoni.com.br\/2019\/wp-content\/uploads\/2026\/01\/08-1-Pequeno.jpg\" alt=\"\" width=\"853\" height=\"480\" srcset=\"https:\/\/jorgezanoni.com.br\/2019\/wp-content\/uploads\/2026\/01\/08-1-Pequeno.jpg 853w, https:\/\/jorgezanoni.com.br\/2019\/wp-content\/uploads\/2026\/01\/08-1-Pequeno-300x169.jpg 300w, https:\/\/jorgezanoni.com.br\/2019\/wp-content\/uploads\/2026\/01\/08-1-Pequeno-768x432.jpg 768w, https:\/\/jorgezanoni.com.br\/2019\/wp-content\/uploads\/2026\/01\/08-1-Pequeno-696x392.jpg 696w, https:\/\/jorgezanoni.com.br\/2019\/wp-content\/uploads\/2026\/01\/08-1-Pequeno-746x420.jpg 746w\" sizes=\"auto, (max-width: 853px) 100vw, 853px\" \/><\/p>\n<p>Jorge Zanoni<\/p>\n","protected":false},"excerpt":{"rendered":"<p>Acidente aconteceu na Rodovia Byron de Azevedo Nogueira, em cima do pontilh\u00e3o da Rodovia General Euclides de Oliveira Figueiredo, SP-563, no in\u00edcio da tarde desta sexta-feira (09). Segundo informa\u00e7\u00f5es obtidas no local pela reportagem do SITE JZ e TOP TV, a motocicleta conduzida por um rapaz de 25 anos, morador de Ouro Verde, que faz [&hellip;]<\/p>\n","protected":false},"author":1,"featured_media":100616,"comment_status":"closed","ping_status":"open","sticky":false,"template":"","format":"standard","meta":{"footnotes":""},"categories":[170,110],"tags":[],"class_list":["post-100615","post","type-post","status-publish","format-standard","has-post-thumbnail","hentry","category-acidentes","category-noticiasdestaque"],"_links":{"self":[{"href":"https:\/\/jorgezanoni.com.br\/2019\/wp-json\/wp\/v2\/posts\/100615","targetHints":{"allow":["GET"]}}],"collection":[{"href":"https:\/\/jorgezanoni.com.br\/2019\/wp-json\/wp\/v2\/posts"}],"about":[{"href":"https:\/\/jorgezanoni.com.br\/2019\/wp-json\/wp\/v2\/types\/post"}],"author":[{"embeddable":true,"href":"https:\/\/jorgezanoni.com.br\/2019\/wp-json\/wp\/v2\/users\/1"}],"replies":[{"embeddable":true,"href":"https:\/\/jorgezanoni.com.br\/2019\/wp-json\/wp\/v2\/comments?post=100615"}],"version-history":[{"count":2,"href":"https:\/\/jorgezanoni.com.br\/2019\/wp-json\/wp\/v2\/posts\/100615\/revisions"}],"predecessor-version":[{"id":100625,"href":"https:\/\/jorgezanoni.com.br\/2019\/wp-json\/wp\/v2\/posts\/100615\/revisions\/100625"}],"wp:featuredmedia":[{"embeddable":true,"href":"https:\/\/jorgezanoni.com.br\/2019\/wp-json\/wp\/v2\/media\/100616"}],"wp:attachment":[{"href":"https:\/\/jorgezanoni.com.br\/2019\/wp-json\/wp\/v2\/media?parent=100615"}],"wp:term":[{"taxonomy":"category","embeddable":true,"href":"https:\/\/jorgezanoni.com.br\/2019\/wp-json\/wp\/v2\/categories?post=100615"},{"taxonomy":"post_tag","embeddable":true,"href":"https:\/\/jorgezanoni.com.br\/2019\/wp-json\/wp\/v2\/tags?post=100615"}],"curies":[{"name":"wp","href":"https:\/\/api.w.org\/{rel}","templated":true}]}}