{"id":10061,"date":"2019-10-31T11:51:44","date_gmt":"2019-10-31T11:51:44","guid":{"rendered":"https:\/\/jorgezanoni.com.br\/2019\/?p=10061"},"modified":"2019-10-31T11:51:44","modified_gmt":"2019-10-31T11:51:44","slug":"avahu-recebe-visita-de-vereadores-que-foram-conhecer-instalacoes","status":"publish","type":"post","link":"https:\/\/jorgezanoni.com.br\/2019\/avahu-recebe-visita-de-vereadores-que-foram-conhecer-instalacoes\/","title":{"rendered":"AVAHU recebe visita de vereadores que foram conhecer instala\u00e7\u00f5es"},"content":{"rendered":"<p style=\"text-align: justify;\">Na manh\u00e3 do dia 25 deste, o Presidente Gelto Gevesier Nunes e Diretoria, da AVAHU-Associa\u00e7\u00e3o de Valoriza\u00e7\u00e3o Humana, tiveram a honra e a felicidade de receber a visita dos vereadores: Ailton Oscar Lorensetti, C\u00e9lio Ant\u00f4nioFerregutti e Sara dos Santos Scarabelli, para conhecer as instala\u00e7\u00f5es f\u00edsicas e o\u00a0 tratamento de Pediasuit, al\u00e9m de outros atendimentos\u00a0 de dist\u00farbios neurol\u00f3gicos.<\/p>\n<p><img loading=\"lazy\" decoding=\"async\" class=\"alignnone size-full wp-image-10062\" src=\"https:\/\/jorgezanoni.com.br\/2019\/wp-content\/uploads\/2019\/10\/ava-2.jpg\" alt=\"\" width=\"1009\" height=\"757\" srcset=\"https:\/\/jorgezanoni.com.br\/2019\/wp-content\/uploads\/2019\/10\/ava-2.jpg 1009w, https:\/\/jorgezanoni.com.br\/2019\/wp-content\/uploads\/2019\/10\/ava-2-300x225.jpg 300w, https:\/\/jorgezanoni.com.br\/2019\/wp-content\/uploads\/2019\/10\/ava-2-768x576.jpg 768w, https:\/\/jorgezanoni.com.br\/2019\/wp-content\/uploads\/2019\/10\/ava-2-80x60.jpg 80w, https:\/\/jorgezanoni.com.br\/2019\/wp-content\/uploads\/2019\/10\/ava-2-265x198.jpg 265w, https:\/\/jorgezanoni.com.br\/2019\/wp-content\/uploads\/2019\/10\/ava-2-696x522.jpg 696w, https:\/\/jorgezanoni.com.br\/2019\/wp-content\/uploads\/2019\/10\/ava-2-560x420.jpg 560w\" sizes=\"auto, (max-width: 1009px) 100vw, 1009px\" \/><\/p>\n<p style=\"text-align: justify;\">As autoridades conheceram todas as depend\u00eancias do pr\u00e9dio,\u00a0 e os projetos desenvolvidos. Na oportunidade presenciaram \u201cin loco\u201d, uma paciente sendo atendida na gaiola, utilizando um macac\u00e3o e acess\u00f3rios, (\u201cM\u00e9todo Pediasuit\u201d, atendimento revolucion\u00e1rio para pessoas que sofrem com doen\u00e7as m\u00faltiplas), bem como, constataram em slides a realiza\u00e7\u00e3o da evolu\u00e7\u00e3o cl\u00ednica dos pacientes, feita pelos profissionais no dia 23 deste.<\/p>\n<p><img loading=\"lazy\" decoding=\"async\" class=\"alignnone size-full wp-image-10063\" src=\"https:\/\/jorgezanoni.com.br\/2019\/wp-content\/uploads\/2019\/10\/ava1-2.jpg\" alt=\"\" width=\"1280\" height=\"960\" srcset=\"https:\/\/jorgezanoni.com.br\/2019\/wp-content\/uploads\/2019\/10\/ava1-2.jpg 1280w, https:\/\/jorgezanoni.com.br\/2019\/wp-content\/uploads\/2019\/10\/ava1-2-300x225.jpg 300w, https:\/\/jorgezanoni.com.br\/2019\/wp-content\/uploads\/2019\/10\/ava1-2-768x576.jpg 768w, https:\/\/jorgezanoni.com.br\/2019\/wp-content\/uploads\/2019\/10\/ava1-2-1024x768.jpg 1024w, https:\/\/jorgezanoni.com.br\/2019\/wp-content\/uploads\/2019\/10\/ava1-2-80x60.jpg 80w, https:\/\/jorgezanoni.com.br\/2019\/wp-content\/uploads\/2019\/10\/ava1-2-265x198.jpg 265w, https:\/\/jorgezanoni.com.br\/2019\/wp-content\/uploads\/2019\/10\/ava1-2-696x522.jpg 696w, https:\/\/jorgezanoni.com.br\/2019\/wp-content\/uploads\/2019\/10\/ava1-2-1068x801.jpg 1068w, https:\/\/jorgezanoni.com.br\/2019\/wp-content\/uploads\/2019\/10\/ava1-2-560x420.jpg 560w\" sizes=\"auto, (max-width: 1280px) 100vw, 1280px\" \/><\/p>\n<p style=\"text-align: justify;\">Tamb\u00e9m fizeram doa\u00e7\u00f5es de prendas para o Ch\u00e1 Beneficente em prol da Avahu, que ocorrer\u00e1 no pr\u00f3ximo dia 03\/11\/19. A AVAHU agradece imensamente aos visitantes. A Entidade est\u00e1 \u00e0 disposi\u00e7\u00e3o de todos e ser\u00e3o sempre bem-vindos!<\/p>\n<p>Fonte: Avahu<\/p>\n<p>&nbsp;<\/p>\n","protected":false},"excerpt":{"rendered":"<p>Na manh\u00e3 do dia 25 deste, o Presidente Gelto Gevesier Nunes e Diretoria, da AVAHU-Associa\u00e7\u00e3o de Valoriza\u00e7\u00e3o Humana, tiveram a honra e a felicidade de receber a visita dos vereadores: Ailton Oscar Lorensetti, C\u00e9lio Ant\u00f4nioFerregutti e Sara dos Santos Scarabelli, para conhecer as instala\u00e7\u00f5es f\u00edsicas e o\u00a0 tratamento de Pediasuit, al\u00e9m de outros atendimentos\u00a0 de [&hellip;]<\/p>\n","protected":false},"author":1,"featured_media":10064,"comment_status":"closed","ping_status":"open","sticky":false,"template":"","format":"standard","meta":{"footnotes":""},"categories":[114],"tags":[],"class_list":["post-10061","post","type-post","status-publish","format-standard","has-post-thumbnail","hentry","category-geralecomercio"],"_links":{"self":[{"href":"https:\/\/jorgezanoni.com.br\/2019\/wp-json\/wp\/v2\/posts\/10061","targetHints":{"allow":["GET"]}}],"collection":[{"href":"https:\/\/jorgezanoni.com.br\/2019\/wp-json\/wp\/v2\/posts"}],"about":[{"href":"https:\/\/jorgezanoni.com.br\/2019\/wp-json\/wp\/v2\/types\/post"}],"author":[{"embeddable":true,"href":"https:\/\/jorgezanoni.com.br\/2019\/wp-json\/wp\/v2\/users\/1"}],"replies":[{"embeddable":true,"href":"https:\/\/jorgezanoni.com.br\/2019\/wp-json\/wp\/v2\/comments?post=10061"}],"version-history":[{"count":0,"href":"https:\/\/jorgezanoni.com.br\/2019\/wp-json\/wp\/v2\/posts\/10061\/revisions"}],"wp:featuredmedia":[{"embeddable":true,"href":"https:\/\/jorgezanoni.com.br\/2019\/wp-json\/wp\/v2\/media\/10064"}],"wp:attachment":[{"href":"https:\/\/jorgezanoni.com.br\/2019\/wp-json\/wp\/v2\/media?parent=10061"}],"wp:term":[{"taxonomy":"category","embeddable":true,"href":"https:\/\/jorgezanoni.com.br\/2019\/wp-json\/wp\/v2\/categories?post=10061"},{"taxonomy":"post_tag","embeddable":true,"href":"https:\/\/jorgezanoni.com.br\/2019\/wp-json\/wp\/v2\/tags?post=10061"}],"curies":[{"name":"wp","href":"https:\/\/api.w.org\/{rel}","templated":true}]}}