{"id":10058,"date":"2019-10-31T11:36:59","date_gmt":"2019-10-31T11:36:59","guid":{"rendered":"https:\/\/jorgezanoni.com.br\/2019\/?p=10058"},"modified":"2019-10-31T11:36:59","modified_gmt":"2019-10-31T11:36:59","slug":"sebrae-movel-estara-segunda-feira-em-dracena","status":"publish","type":"post","link":"https:\/\/jorgezanoni.com.br\/2019\/sebrae-movel-estara-segunda-feira-em-dracena\/","title":{"rendered":"Sebrae m\u00f3vel estar\u00e1 segunda-feira em Dracena"},"content":{"rendered":"<p style=\"text-align: justify;\">Na pr\u00f3xima segunda-feira haver\u00e1 a visita do Sebrae M\u00f3vel, no Bairro Jardim Brasil\u00e2ndia, em Dracena\/SP. Segue abaixo mais informa\u00e7\u00f5es:<\/p>\n<p style=\"text-align: justify;\"><strong>Data:\u00a0<\/strong>04\/11\/2019<\/p>\n<p style=\"text-align: justify;\"><strong>Hor\u00e1rio: Das 10h \u00e0s 12h e das 13h \u00e0s 16h<\/strong><\/p>\n<p style=\"text-align: justify;\"><strong>Local:\u00a0<\/strong>Jardim<strong>\u00a0<\/strong>Brasil\u00e2ndia e bairros adjacentes<\/p>\n<p style=\"text-align: justify;\">&#8211; Desta vez o ve\u00edculo n\u00e3o ficar\u00e1 parado em um local fixo, mas sim, visitando as empresas do bairro. Portanto, se algum propriet\u00e1rio tiver interesse em receber a visita dos representantes do Sebrae nesta data, basta ligar no Sebrae Aqui Dracena para agendar. O telefone \u00e9 (18)\u00a03822-4493.<\/p>\n<p style=\"text-align: justify;\"><strong>Atividades a serem desenvolvidas:\u00a0<\/strong>visitas a empres\u00e1rios da cidade de Dracena, no Bairro Jardim Brasil\u00e2ndia, oferecendo orienta\u00e7\u00e3o t\u00e9cnica para micro e pequenos empreendedores.<\/p>\n<p style=\"text-align: justify;\"><strong>O atendimento \u00e9 gratuito.\u00a0<\/strong><\/p>\n<p style=\"text-align: justify;\"><strong><u>Sobre o\u00a0Sebrae\u00a0M\u00f3vel:<\/u><\/strong><\/p>\n<p style=\"text-align: justify;\">O\u00a0Sebrae\u00a0M\u00f3vel\u00a0\u00e9 um projeto inovador que visa levar aos empres\u00e1rios de munic\u00edpios da regi\u00e3o de Presidente Prudente a mesma qualidade do atendimento do Escrit\u00f3rio Regional. \u00c9 um ve\u00edculo totalmente customizado e equipado com instrumentos necess\u00e1rios para a realiza\u00e7\u00e3o de atendimentos presenciais, orientando empres\u00e1rios e empreendedores sobre temas de gest\u00e3o: planejamento, administra\u00e7\u00e3o, finan\u00e7as, gest\u00e3o de pessoas, marketing e vendas, agroneg\u00f3cios, Microempreendedor Individual (MEI).<\/p>\n<p style=\"text-align: justify;\"><strong>Objetivos:\u00a0<\/strong><\/p>\n<p style=\"text-align: justify;\">&#8211; Atendimento especializado de orienta\u00e7\u00e3o aos empres\u00e1rios da localidade de Dracena\/SP;<\/p>\n<p style=\"text-align: justify;\">&#8211; Facilitar acesso a informa\u00e7\u00e3o\/capacita\u00e7\u00e3o a empres\u00e1rios e empreendedores;<\/p>\n<p style=\"text-align: justify;\">&#8211; Ampliar a forma de atendimento do\u00a0SEBRAE-SP.<\/p>\n<p style=\"text-align: justify;\"><strong>P\u00fablico Alvo:<\/strong><\/p>\n<p style=\"text-align: justify;\">&#8211; Empres\u00e1rios de micro e pequenas empresas (MPE);<\/p>\n<p style=\"text-align: justify;\">&#8211; Microempreendedor Individual (MEI);<\/p>\n<p style=\"text-align: justify;\">&#8211; Empreendedores interessados em montar seu pr\u00f3prio neg\u00f3cio.<\/p>\n<p>Fonte: Diretoria de Comunica\u00e7\u00e3o<\/p>\n","protected":false},"excerpt":{"rendered":"<p>Na pr\u00f3xima segunda-feira haver\u00e1 a visita do Sebrae M\u00f3vel, no Bairro Jardim Brasil\u00e2ndia, em Dracena\/SP. Segue abaixo mais informa\u00e7\u00f5es: Data:\u00a004\/11\/2019 Hor\u00e1rio: Das 10h \u00e0s 12h e das 13h \u00e0s 16h Local:\u00a0Jardim\u00a0Brasil\u00e2ndia e bairros adjacentes &#8211; Desta vez o ve\u00edculo n\u00e3o ficar\u00e1 parado em um local fixo, mas sim, visitando as empresas do bairro. Portanto, se [&hellip;]<\/p>\n","protected":false},"author":1,"featured_media":10059,"comment_status":"closed","ping_status":"open","sticky":false,"template":"","format":"standard","meta":{"footnotes":""},"categories":[114],"tags":[],"class_list":["post-10058","post","type-post","status-publish","format-standard","has-post-thumbnail","hentry","category-geralecomercio"],"_links":{"self":[{"href":"https:\/\/jorgezanoni.com.br\/2019\/wp-json\/wp\/v2\/posts\/10058","targetHints":{"allow":["GET"]}}],"collection":[{"href":"https:\/\/jorgezanoni.com.br\/2019\/wp-json\/wp\/v2\/posts"}],"about":[{"href":"https:\/\/jorgezanoni.com.br\/2019\/wp-json\/wp\/v2\/types\/post"}],"author":[{"embeddable":true,"href":"https:\/\/jorgezanoni.com.br\/2019\/wp-json\/wp\/v2\/users\/1"}],"replies":[{"embeddable":true,"href":"https:\/\/jorgezanoni.com.br\/2019\/wp-json\/wp\/v2\/comments?post=10058"}],"version-history":[{"count":0,"href":"https:\/\/jorgezanoni.com.br\/2019\/wp-json\/wp\/v2\/posts\/10058\/revisions"}],"wp:featuredmedia":[{"embeddable":true,"href":"https:\/\/jorgezanoni.com.br\/2019\/wp-json\/wp\/v2\/media\/10059"}],"wp:attachment":[{"href":"https:\/\/jorgezanoni.com.br\/2019\/wp-json\/wp\/v2\/media?parent=10058"}],"wp:term":[{"taxonomy":"category","embeddable":true,"href":"https:\/\/jorgezanoni.com.br\/2019\/wp-json\/wp\/v2\/categories?post=10058"},{"taxonomy":"post_tag","embeddable":true,"href":"https:\/\/jorgezanoni.com.br\/2019\/wp-json\/wp\/v2\/tags?post=10058"}],"curies":[{"name":"wp","href":"https:\/\/api.w.org\/{rel}","templated":true}]}}