{"id":100579,"date":"2026-01-07T21:13:49","date_gmt":"2026-01-07T21:13:49","guid":{"rendered":"https:\/\/jorgezanoni.com.br\/2019\/?p=100579"},"modified":"2026-01-07T21:13:49","modified_gmt":"2026-01-07T21:13:49","slug":"tempo-novo-tempo-e-final-de-um-ciclo-com-o-site-jz-por-sergio-barbosa","status":"publish","type":"post","link":"https:\/\/jorgezanoni.com.br\/2019\/tempo-novo-tempo-e-final-de-um-ciclo-com-o-site-jz-por-sergio-barbosa\/","title":{"rendered":"Tempo novo tempo e final de um ciclo com o site JZ&#8230; (por S\u00e9rgio Barbosa)"},"content":{"rendered":"<p style=\"text-align: justify;\"><strong>Tempo novo tempo e final de um ciclo com o site JZ&#8230;<\/strong><\/p>\n<p style=\"text-align: justify;\"><strong>\u201cA despedida nos lembra de que a vida \u00e9 feita de ciclos e que cada um deixa um aprendizado.\u201d (pensador)<\/strong><\/p>\n<p style=\"text-align: justify;\"><strong>S\u00e9rgio Barbosa (*)<\/strong><\/p>\n<p style=\"text-align: justify;\">Algu\u00e9m disse que tudo nesta VIDA tem um FIM e ponto quase final, portanto, acredito que neste NOVO TEMPO NOVO que est\u00e1 se iniciando para o TEMPO do meu TEMPO, ou seja, quando estarei completando 7.0 e d\u00e9cadas de estrada na \u00e1rea do JORNALISMO em n\u00edvel REGIONAL, felizmente ou infelizmente, chegou o momento de FECHAR este CICLO REDATORIAL&#8230;<\/p>\n<p style=\"text-align: justify;\">Neste SITE JZ, deve-se registrar que foram 8 ANOS como COLABORADOR e enviando ARTIGOS e CR\u00d4NICAS todas as semanas, quase sempre nas QUARTA-FEIRAS&#8230;<\/p>\n<p style=\"text-align: justify;\">Portanto, foram mais ou menos 320 TEXTOS POSTADOS no SITE JZ desde o ano de 2.018, desta forma, entendo que o momento \u00e9 AGORA para encerrar tal COLABORA\u00c7\u00c3O, ainda, confesso que daqui pra frente, APESAR DOS PESARES, estarei usando e abusando da frase, a saber: NADA A DECLARAR&#8230;<\/p>\n<p style=\"text-align: justify;\">Assim, AGRADE\u00c7O O APOIO nestes \u00faltimos anos do SITE JZ por meio do Diretor, JORGE ZANONI, bem como, equipe e demais colaboradores\/as, al\u00e9m dos\/as LEITORES\/AS que estiveram acompanhando este ARTICULISTA neste per\u00edodo (2018-2025)&#8230;<\/p>\n<p style=\"text-align: justify;\">Deve-se CONSIDERAR que ESCREVER \u00e9 um DESAFIO constante, por isso e mais aquilo, CADA QUAL se vira como pode com as PALAVRAS para muitos DESENCONTROS&#8230;<\/p>\n<p style=\"text-align: justify;\">Tamb\u00e9m, APESAR DOS PESARES, tendo em vista que uma vez ou outra nestes anos, este ou aquele ARTIGO OPINATIVO acabou gerando alguns problemas para o EDITOR, todavia, tais FATOS fazem parte da trajet\u00f3ria redatorial dos denominados ve\u00edculos de M\u00cdDIA&#8230;<\/p>\n<p style=\"text-align: justify;\">Neste momento, acredito que n\u00e3o existem PALAVRAS para expressar uma DESPEDIDA ou encerramento deste CICLO, pois, foram ANOS E ANOS nestas IDAS dos ARTIGOS e VINDAS dos LINKS DAS POSTAGENS&#8230;<\/p>\n<p style=\"text-align: justify;\">Desta forma, disse o PENSADOR do outro tempo deste tempo que O PRINC\u00cdPIO DA SABEDORIA \u00c9 A HUMILDADE, haja vista que a REFLEX\u00c3O CR\u00cdTICA deve continuar daqui pra frente do meu lado, todavia, apenas como um OBSERVADOR frente ao CEN\u00c1RIO GLOCAL, ou seja, do GLOBAL PARA O LOCAL em tempo de P\u00d3S-GLOBALIZA\u00c7\u00c3O MIDI\u00c1TICA&#8230;<\/p>\n<p style=\"text-align: justify;\">ABRA\u00c7OS PROVINCIANOS E VAMOS QUE VAMOS&#8230;<\/p>\n<p style=\"text-align: justify;\"><strong><em>____________________________________<\/em><\/strong><\/p>\n<p style=\"text-align: justify;\"><strong><em>(*) Bacharel em Comunica\u00e7\u00e3o Social com habilita\u00e7\u00e3o em Jornalismo pela FCS\/IMS (1983); Jornalista diplomado- MTb No. 16.772\/SP (1986); Mestre em Ci\u00eancias Sociais e Religi\u00e3o pelo PPG\/CR da UMESP (1987) e Pesquisador desde 1.988 da C\u00e1tedra UNESCO\/UMESP de Comunica\u00e7\u00e3o para o Desenvolvimento Regional. Tamb\u00e9m, desenvolveu atividades acad\u00eamicas como docente de 1999 at\u00e9 2022 na FAI\/Adamantina-SP.<\/em><\/strong><\/p>\n<p style=\"text-align: justify;\"><strong><em>e-mail: <\/em><\/strong><a href=\"mailto:barbosa.sebar@gmail.com\"><strong><em>barbosa.sebar@gmail.com<\/em><\/strong><\/a><\/p>\n<p>&nbsp;<\/p>\n<p>&nbsp;<\/p>\n<p>&nbsp;<\/p>\n<p>&nbsp;<\/p>\n","protected":false},"excerpt":{"rendered":"<p>Tempo novo tempo e final de um ciclo com o site JZ&#8230; \u201cA despedida nos lembra de que a vida \u00e9 feita de ciclos e que cada um deixa um aprendizado.\u201d (pensador) S\u00e9rgio Barbosa (*) Algu\u00e9m disse que tudo nesta VIDA tem um FIM e ponto quase final, portanto, acredito que neste NOVO TEMPO NOVO [&hellip;]<\/p>\n","protected":false},"author":1,"featured_media":100580,"comment_status":"closed","ping_status":"open","sticky":false,"template":"","format":"standard","meta":{"footnotes":""},"categories":[175],"tags":[],"class_list":["post-100579","post","type-post","status-publish","format-standard","has-post-thumbnail","hentry","category-artigos"],"_links":{"self":[{"href":"https:\/\/jorgezanoni.com.br\/2019\/wp-json\/wp\/v2\/posts\/100579","targetHints":{"allow":["GET"]}}],"collection":[{"href":"https:\/\/jorgezanoni.com.br\/2019\/wp-json\/wp\/v2\/posts"}],"about":[{"href":"https:\/\/jorgezanoni.com.br\/2019\/wp-json\/wp\/v2\/types\/post"}],"author":[{"embeddable":true,"href":"https:\/\/jorgezanoni.com.br\/2019\/wp-json\/wp\/v2\/users\/1"}],"replies":[{"embeddable":true,"href":"https:\/\/jorgezanoni.com.br\/2019\/wp-json\/wp\/v2\/comments?post=100579"}],"version-history":[{"count":1,"href":"https:\/\/jorgezanoni.com.br\/2019\/wp-json\/wp\/v2\/posts\/100579\/revisions"}],"predecessor-version":[{"id":100581,"href":"https:\/\/jorgezanoni.com.br\/2019\/wp-json\/wp\/v2\/posts\/100579\/revisions\/100581"}],"wp:featuredmedia":[{"embeddable":true,"href":"https:\/\/jorgezanoni.com.br\/2019\/wp-json\/wp\/v2\/media\/100580"}],"wp:attachment":[{"href":"https:\/\/jorgezanoni.com.br\/2019\/wp-json\/wp\/v2\/media?parent=100579"}],"wp:term":[{"taxonomy":"category","embeddable":true,"href":"https:\/\/jorgezanoni.com.br\/2019\/wp-json\/wp\/v2\/categories?post=100579"},{"taxonomy":"post_tag","embeddable":true,"href":"https:\/\/jorgezanoni.com.br\/2019\/wp-json\/wp\/v2\/tags?post=100579"}],"curies":[{"name":"wp","href":"https:\/\/api.w.org\/{rel}","templated":true}]}}