{"id":10055,"date":"2019-10-31T11:25:51","date_gmt":"2019-10-31T11:25:51","guid":{"rendered":"https:\/\/jorgezanoni.com.br\/2019\/?p=10055"},"modified":"2019-10-31T11:25:51","modified_gmt":"2019-10-31T11:25:51","slug":"cursos-de-enfermagem-e-psicologia-promovem-acoes-de-conscientizacao-sobre-a-prevencao-ao-cancer-de-mama","status":"publish","type":"post","link":"https:\/\/jorgezanoni.com.br\/2019\/cursos-de-enfermagem-e-psicologia-promovem-acoes-de-conscientizacao-sobre-a-prevencao-ao-cancer-de-mama\/","title":{"rendered":"Cursos de Enfermagem e Psicologia promovem a\u00e7\u00f5es de conscientiza\u00e7\u00e3o sobre a preven\u00e7\u00e3o ao c\u00e2ncer de mama"},"content":{"rendered":"<p style=\"font-weight: 400; text-align: justify;\">Os cursos de Enfermagem e Psicologia da Faculdade Unifadra, mantida pela Fundec, realizaram nos dias 21 e 22 de outubro a\u00e7\u00f5es de conscientiza\u00e7\u00e3o e preven\u00e7\u00e3o do c\u00e2ncer de mama.<\/p>\n<p style=\"font-weight: 400; text-align: justify;\">Nos dois dias ocorreram palestras e roda de conversa.<\/p>\n<p style=\"font-weight: 400; text-align: justify;\">Segundo a professora Dra. Lilian Sossai Pan\u00edcio, coordenadora do curso de Enfermagem, o evento teve como prop\u00f3sito discutir e refletir sobre aspectos relacionados ao c\u00e2ncer de mama, rompendo estere\u00f3tipos relacionados \u00e0 doen\u00e7a e buscando de forma pedag\u00f3gica e interativa mudan\u00e7as de comportamento das pessoas quanto \u00e0 detec\u00e7\u00e3o precoce da doen\u00e7a.<\/p>\n<p style=\"font-weight: 400; text-align: justify;\">&#8220;Buscamos\u00a0alertar as mulheres e a sociedade em rela\u00e7\u00e3o \u00e0 preven\u00e7\u00e3o e ao diagn\u00f3stico precoce do c\u00e2ncer de mama e tamb\u00e9m do c\u00e2ncer de colo de \u00fatero&#8221;, comentou.<\/p>\n<p style=\"font-weight: 400; text-align: justify;\">No dia 21 de outubro, a sex\u00f3loga Monica Shoene Kaimen, discorreu sobre sexualidade humana.<\/p>\n<p style=\"font-weight: 400; text-align: justify;\">J\u00e1 no dia 22, o m\u00e9dico Fernando C\u00e9sar Marinho falou sobre o c\u00e2ncer de colo de \u00fatero, enfocando as estat\u00edsticas, a preven\u00e7\u00e3o e o tratamento. Ainda houve uma roda de conversa com relatos de casos de mulheres que enfrentaram essa doen\u00e7a, al\u00e9m da participa\u00e7\u00e3o das volunt\u00e1rias da Avapac, que explanaram sobre o trabalho dessa entidade.<\/p>\n<p style=\"font-weight: 400; text-align: justify;\">O evento contou com corte de cabelo gratuito para aquelas que sentiram a necessidade de doar voluntariamente os cabelos para a confec\u00e7\u00e3o de perucas que ser\u00e3o utilizadas por mulheres que perderam os cabelos devido ao tratamento com quimioterapia.<\/p>\n<p style=\"font-weight: 400; text-align: justify;\"><em>Fernando Nunes<\/em><\/p>\n<p style=\"font-weight: 400; text-align: justify;\">Diretor de Comunica\u00e7\u00e3o Fundec<\/p>\n<p style=\"text-align: justify;\">Foto: Palestras foram promovidas pelos cursos de Enfermagem e Psicologia da Unifadra\/Fundec.<\/p>\n","protected":false},"excerpt":{"rendered":"<p>Os cursos de Enfermagem e Psicologia da Faculdade Unifadra, mantida pela Fundec, realizaram nos dias 21 e 22 de outubro a\u00e7\u00f5es de conscientiza\u00e7\u00e3o e preven\u00e7\u00e3o do c\u00e2ncer de mama. Nos dois dias ocorreram palestras e roda de conversa. Segundo a professora Dra. Lilian Sossai Pan\u00edcio, coordenadora do curso de Enfermagem, o evento teve como prop\u00f3sito [&hellip;]<\/p>\n","protected":false},"author":1,"featured_media":10056,"comment_status":"closed","ping_status":"open","sticky":false,"template":"","format":"standard","meta":{"footnotes":""},"categories":[122],"tags":[],"class_list":["post-10055","post","type-post","status-publish","format-standard","has-post-thumbnail","hentry","category-saudeeducacaoeconcurso"],"_links":{"self":[{"href":"https:\/\/jorgezanoni.com.br\/2019\/wp-json\/wp\/v2\/posts\/10055","targetHints":{"allow":["GET"]}}],"collection":[{"href":"https:\/\/jorgezanoni.com.br\/2019\/wp-json\/wp\/v2\/posts"}],"about":[{"href":"https:\/\/jorgezanoni.com.br\/2019\/wp-json\/wp\/v2\/types\/post"}],"author":[{"embeddable":true,"href":"https:\/\/jorgezanoni.com.br\/2019\/wp-json\/wp\/v2\/users\/1"}],"replies":[{"embeddable":true,"href":"https:\/\/jorgezanoni.com.br\/2019\/wp-json\/wp\/v2\/comments?post=10055"}],"version-history":[{"count":0,"href":"https:\/\/jorgezanoni.com.br\/2019\/wp-json\/wp\/v2\/posts\/10055\/revisions"}],"wp:featuredmedia":[{"embeddable":true,"href":"https:\/\/jorgezanoni.com.br\/2019\/wp-json\/wp\/v2\/media\/10056"}],"wp:attachment":[{"href":"https:\/\/jorgezanoni.com.br\/2019\/wp-json\/wp\/v2\/media?parent=10055"}],"wp:term":[{"taxonomy":"category","embeddable":true,"href":"https:\/\/jorgezanoni.com.br\/2019\/wp-json\/wp\/v2\/categories?post=10055"},{"taxonomy":"post_tag","embeddable":true,"href":"https:\/\/jorgezanoni.com.br\/2019\/wp-json\/wp\/v2\/tags?post=10055"}],"curies":[{"name":"wp","href":"https:\/\/api.w.org\/{rel}","templated":true}]}}