{"id":10052,"date":"2019-10-31T11:11:39","date_gmt":"2019-10-31T11:11:39","guid":{"rendered":"https:\/\/jorgezanoni.com.br\/2019\/?p=10052"},"modified":"2019-10-31T11:11:39","modified_gmt":"2019-10-31T11:11:39","slug":"hoje-comemora-se-o-halloween-dia-das-bruxas","status":"publish","type":"post","link":"https:\/\/jorgezanoni.com.br\/2019\/hoje-comemora-se-o-halloween-dia-das-bruxas\/","title":{"rendered":"Hoje comemora-se o Halloween, &#8220;Dia das Bruxas&#8221;"},"content":{"rendered":"<p style=\"text-align: justify;\"><span style=\"color: #111111; font-family: Roboto, sans-serif; font-size: 32px;\">Dia das Bruxas &#8211; Halloween<\/span><\/p>\n<div class=\"col-sm-8 list-holiday-box\">\n<div class=\"next-holiday-box\" style=\"text-align: justify;\">O <strong>Dia das Bruxas<\/strong>,<strong>\u00a0<\/strong>ou\u00a0<strong><em>Halloween<\/em><\/strong><em>,\u00a0<\/em>\u00e9 comemorado anualmente em\u00a0<strong>31 de outubro<\/strong>.<\/div>\n<div id=\"sg-social-share-content\" class=\"holiday-content\">\n<p style=\"text-align: justify;\">Mesmo sendo considerado parte de uma cultura tipicamente americana e irlandesa, o Dia das Bruxas se espalhou por todo o mundo. Assim, adaptou-se atrav\u00e9s do sincretismo das supersti\u00e7\u00f5es e lendas de cada regi\u00e3o com o conceito moderno norte-americano do\u00a0<em>Halloween<\/em>.<\/p>\n<p style=\"text-align: justify;\">Etimologicamente, a palavra &#8220;<em>halloween<\/em>&#8221; \u00e9 derivada da express\u00e3o inglesa &#8220;<em>hallow evening<\/em>&#8220;, sendo que o termo\u00a0<em>hallow\u00a0<\/em>quer dizer &#8220;santo&#8221;, e\u00a0<em>eve\u00a0<\/em>significa &#8220;v\u00e9spera&#8221;.<\/p>\n<p style=\"text-align: justify;\">Acredita-se que a festa, que acontecia entre os dias 31 de outubro e 1\u00ba de novembro, e era celebrada pelos povos celtas, chamava-se\u00a0<em>Hallow Evening<\/em>\u00a0e foi abreviada posteriormente para\u00a0<em>Hallowe\u00b4en<\/em>, at\u00e9 chegar \u00e0 forma atual\u00a0<em>Halloween<\/em>.<\/p>\n<h2 style=\"text-align: justify;\">Origem do Halloween<\/h2>\n<p style=\"text-align: justify;\">A celebra\u00e7\u00e3o original era chamada de\u00a0<em><strong>Samhain<\/strong><\/em>, que significa &#8220;Fim do Ver\u00e3o&#8221;.<\/p>\n<p style=\"text-align: justify;\">As primeiras comemora\u00e7\u00f5es do\u00a0<em>Halloween\u00a0<\/em>teriam surgido h\u00e1 mais de 2,5 mil anos com o povo celta. Eles acreditavam que no \u00faltimo dia do ver\u00e3o (31 de outubro, de acordo com o antigo calend\u00e1rio celta), os mortos e esp\u00edritos malignos sa\u00edam de suas tumbas para atormentar os vivos.<\/p>\n<p style=\"text-align: justify;\">Para tentar se proteger dos &#8220;mortos-vivos&#8221;, os celtas decoravam as suas casas com objetos macabros, como ossos e caveiras, acreditando que com isso podiam afugentar as &#8220;for\u00e7as do mal&#8221;.<\/p>\n<p style=\"text-align: justify;\">As pessoas que festejavam a data durante a Idade M\u00e9dia eram perseguidas e levadas \u00e0 fogueira da Inquisi\u00e7\u00e3o, acusadas de bruxaria e pr\u00e1tica de magia negra.<\/p>\n<p style=\"text-align: justify;\">Para tentar cristianizar a data, a Igreja Cat\u00f3lica criou o\u00a0<a href=\"https:\/\/www.calendarr.com\/brasil\/finados\/\">Dia de Finados<\/a>\u00a0(2 de novembro), para celebrar a alma das pessoas que j\u00e1 faleceram.<\/p>\n<p style=\"text-align: justify;\">Nos pa\u00edses anglo-sax\u00f5es a tradi\u00e7\u00e3o foi se transformando, sobretudo ap\u00f3s a Reforma Protestante. A festa foi mudando para uma celebra\u00e7\u00e3o infantil com direito a fantasias, doces e brincadeiras. Tamb\u00e9m as igrejas protestantes perseguiam quem comemorava este dia.<\/p>\n<p style=\"text-align: justify;\">Voc\u00ea tamb\u00e9m pode se interessar pela origem da temida\u00a0<a href=\"https:\/\/www.calendarr.com\/brasil\/sexta-feira-13\/\">Sexta-feira 13<\/a>.<\/p>\n<h2 style=\"text-align: justify;\">Dia das Bruxas nos Estados Unidos<\/h2>\n<p style=\"text-align: justify;\">Quem levou o\u00a0<em>Halloween\u00a0<\/em>para os Estados Unidos foram os irlandeses, no s\u00e9culo XIX, tornando-se uma das principais festividades da cultura americana.<\/p>\n<p style=\"text-align: justify;\">Nesta data as crian\u00e7as costumam sair \u00e0s ruas, batendo de porta em porta e perguntando: &#8220;<em>Trick or Treat?<\/em>&#8221; (&#8220;Gostosuras ou travessuras?&#8221;, em portugu\u00eas).<\/p>\n<p style=\"text-align: justify;\">Se as crian\u00e7as n\u00e3o ganharem doces, t\u00eam a permiss\u00e3o para fazer uma \u201cpegadinha\u201d na casa da pessoa, como se fosse um &#8220;pequeno diabinho&#8221;. Jogar papel higi\u00eanico nas \u00e1rvores do vizinho costuma ser a \u201ctravessura\u201d mais comum durante o\u00a0<em>Halloween<\/em>.<\/p>\n<p style=\"text-align: justify;\">Voc\u00ea tamb\u00e9m pode se interessar por:\u00a0<a href=\"https:\/\/www.calendarr.com\/brasil\/halloween-tradicoes\/\">Halloween: conhe\u00e7a as tradi\u00e7\u00f5es dessa festa assustadora<\/a>.<\/p>\n<h2 style=\"text-align: justify;\">Dia das Bruxas no Brasil<\/h2>\n<p style=\"text-align: justify;\">O\u00a0<em>Halloween<\/em>\u00a0\u00e9 uma festividade muito recente no Brasil e foi trazida a partir da cultura norte-americana presente em filmes e s\u00e9ries de TV.<\/p>\n<p style=\"text-align: justify;\">No entanto, h\u00e1 uma resist\u00eancia muito grande em algumas regi\u00f5es do Brasil sobre a comemora\u00e7\u00e3o da data no pa\u00eds. Algumas pessoas argumentam que o pa\u00eds \u00e9 muito rico em cultura popular para celebrar uma cultura estrangeira e ignorar a pr\u00f3pria hist\u00f3ria e identidade.<\/p>\n<p style=\"text-align: justify;\">Por causa dessa pol\u00eamica, foi criado o\u00a0<a href=\"https:\/\/www.calendarr.com\/brasil\/dia-do-saci\/\">Dia do Saci<\/a>, a partir do decreto de lei n\u00ba 2.762\/2003. Tamb\u00e9m comemorado no dia 31 de outubro, o Dia do Saci \u00e9 uma &#8220;resist\u00eancia pac\u00edfica&#8221; \u00e0 cultura americanizada do Dia das Bruxas.<\/p>\n<p style=\"text-align: justify;\">Fonte: https:\/\/www.calendarr.com\/brasil\/dia-das-bruxas-halloween\/<\/p>\n<\/div>\n<\/div>\n","protected":false},"excerpt":{"rendered":"<p>Dia das Bruxas &#8211; Halloween O Dia das Bruxas,\u00a0ou\u00a0Halloween,\u00a0\u00e9 comemorado anualmente em\u00a031 de outubro. Mesmo sendo considerado parte de uma cultura tipicamente americana e irlandesa, o Dia das Bruxas se espalhou por todo o mundo. Assim, adaptou-se atrav\u00e9s do sincretismo das supersti\u00e7\u00f5es e lendas de cada regi\u00e3o com o conceito moderno norte-americano do\u00a0Halloween. Etimologicamente, a [&hellip;]<\/p>\n","protected":false},"author":1,"featured_media":10053,"comment_status":"closed","ping_status":"open","sticky":false,"template":"","format":"standard","meta":{"footnotes":""},"categories":[114,110],"tags":[],"class_list":["post-10052","post","type-post","status-publish","format-standard","has-post-thumbnail","hentry","category-geralecomercio","category-noticiasdestaque"],"_links":{"self":[{"href":"https:\/\/jorgezanoni.com.br\/2019\/wp-json\/wp\/v2\/posts\/10052","targetHints":{"allow":["GET"]}}],"collection":[{"href":"https:\/\/jorgezanoni.com.br\/2019\/wp-json\/wp\/v2\/posts"}],"about":[{"href":"https:\/\/jorgezanoni.com.br\/2019\/wp-json\/wp\/v2\/types\/post"}],"author":[{"embeddable":true,"href":"https:\/\/jorgezanoni.com.br\/2019\/wp-json\/wp\/v2\/users\/1"}],"replies":[{"embeddable":true,"href":"https:\/\/jorgezanoni.com.br\/2019\/wp-json\/wp\/v2\/comments?post=10052"}],"version-history":[{"count":0,"href":"https:\/\/jorgezanoni.com.br\/2019\/wp-json\/wp\/v2\/posts\/10052\/revisions"}],"wp:featuredmedia":[{"embeddable":true,"href":"https:\/\/jorgezanoni.com.br\/2019\/wp-json\/wp\/v2\/media\/10053"}],"wp:attachment":[{"href":"https:\/\/jorgezanoni.com.br\/2019\/wp-json\/wp\/v2\/media?parent=10052"}],"wp:term":[{"taxonomy":"category","embeddable":true,"href":"https:\/\/jorgezanoni.com.br\/2019\/wp-json\/wp\/v2\/categories?post=10052"},{"taxonomy":"post_tag","embeddable":true,"href":"https:\/\/jorgezanoni.com.br\/2019\/wp-json\/wp\/v2\/tags?post=10052"}],"curies":[{"name":"wp","href":"https:\/\/api.w.org\/{rel}","templated":true}]}}