{"id":1005,"date":"2019-07-19T18:59:59","date_gmt":"2019-07-19T18:59:59","guid":{"rendered":"http:\/\/jorgezanoni.com.br\/2019\/?p=1005"},"modified":"2019-07-19T18:59:59","modified_gmt":"2019-07-19T18:59:59","slug":"forte-tremor-atinge-atenas-na-grecia-e-provoca-danos-nas-telecomunicacoes","status":"publish","type":"post","link":"https:\/\/jorgezanoni.com.br\/2019\/forte-tremor-atinge-atenas-na-grecia-e-provoca-danos-nas-telecomunicacoes\/","title":{"rendered":"Forte tremor atinge Atenas, na Gr\u00e9cia, e provoca danos nas telecomunica\u00e7\u00f5es"},"content":{"rendered":"<h3><strong>INTERNACIONAL<\/strong><\/h3>\n<h2 class=\"content-head__subtitle\"><strong>Edif\u00edcios ficaram danificados e uma mulher ficou levemente ferida por causa da queda de destro\u00e7os. Em p\u00e2nico, as pessoas deixaram os im\u00f3veis e correram para as ruas da capital grega.<\/strong><\/h2>\n<div class=\"mc-column content-text active-extra-styles \" data-block-type=\"unstyled\" data-block-weight=\"25\" data-block-id=\"2\">\n<p class=\"content-text__container \" data-track-category=\"Link no Texto\" data-track-links=\"\">Um terremoto de magnitude 5,3 atingiu Atenas, na\u00a0<a href=\"https:\/\/g1.globo.com\/tudo-sobre\/grecia\/\">Gr\u00e9cia<\/a>, nesta sexta-feira (19), causando s\u00e9rios problemas nas linhas telef\u00f4nicas e no fornecimento de energia el\u00e9trica.<\/p>\n<\/div>\n<div class=\"wall protected-content\">\n<div class=\"mc-column content-text active-extra-styles \" data-block-type=\"unstyled\" data-block-weight=\"24\" data-block-id=\"3\">\n<p class=\"content-text__container \" data-track-category=\"Link no Texto\" data-track-links=\"\">Um pr\u00e9dio vazio desmoronou. Edif\u00edcios ficaram danificados e uma mulher ficou levemente ferida por causa da queda de destro\u00e7os, segundo a m\u00eddia grega.<\/p>\n<\/div>\n<div class=\"mc-column content-text active-extra-styles \" data-block-type=\"unstyled\" data-block-weight=\"40\" data-block-id=\"4\">\n<p class=\"content-text__container \" data-track-category=\"Link no Texto\" data-track-links=\"\">O epicentro do tremor foi localizado a 23 km a noroeste da capital grega e foi sentido tamb\u00e9m nas ilhas do Peloponeso. Sete r\u00e9plicas, de intensidade menor, foram registradas logo em seguida, de acordo o Instituto de Geodin\u00e2mica de Atenas.<\/p>\n<\/div>\n<div class=\"mc-column content-text active-extra-styles \" data-block-type=\"unstyled\" data-block-weight=\"35\" data-block-id=\"5\">\n<p class=\"content-text__container \" data-track-category=\"Link no Texto\" data-track-links=\"\">Em p\u00e2nico, muitos habitantes e turistas deixaram os im\u00f3veis e correram para as ruas principalmente na regi\u00e3o central de Atenas. Os bombeiros precisaram intervir para resgatar pessoas que ficaram presas nos elevadores em v\u00e1rios edif\u00edcios.<\/p>\n<p data-track-category=\"Link no Texto\" data-track-links=\"\"><img loading=\"lazy\" decoding=\"async\" class=\"alignnone size-full wp-image-1007\" src=\"http:\/\/jorgezanoni.com.br\/2019\/wp-content\/uploads\/2019\/07\/terremoto1.jpg\" alt=\"\" width=\"1600\" height=\"1005\" srcset=\"https:\/\/jorgezanoni.com.br\/2019\/wp-content\/uploads\/2019\/07\/terremoto1.jpg 1600w, https:\/\/jorgezanoni.com.br\/2019\/wp-content\/uploads\/2019\/07\/terremoto1-300x188.jpg 300w, https:\/\/jorgezanoni.com.br\/2019\/wp-content\/uploads\/2019\/07\/terremoto1-768x482.jpg 768w, https:\/\/jorgezanoni.com.br\/2019\/wp-content\/uploads\/2019\/07\/terremoto1-1024x643.jpg 1024w, https:\/\/jorgezanoni.com.br\/2019\/wp-content\/uploads\/2019\/07\/terremoto1-696x437.jpg 696w, https:\/\/jorgezanoni.com.br\/2019\/wp-content\/uploads\/2019\/07\/terremoto1-1068x671.jpg 1068w, https:\/\/jorgezanoni.com.br\/2019\/wp-content\/uploads\/2019\/07\/terremoto1-669x420.jpg 669w\" sizes=\"auto, (max-width: 1600px) 100vw, 1600px\" \/><\/p>\n<p class=\"content-text__container \" data-track-category=\"Link no Texto\" data-track-links=\"\">A Defesa Civil informou que bombeiros e a pol\u00edcia foram mobilizados. Dois helic\u00f3pteros foram mobilizados para avalia\u00e7\u00e3o dos danos.<\/p>\n<div class=\"mc-column content-text active-extra-styles \" data-block-type=\"unstyled\" data-block-weight=\"23\" data-block-id=\"10\">\n<p class=\"content-text__container \" data-track-category=\"Link no Texto\" data-track-links=\"\">Em Atenas, o \u00faltimo grande terremoto ocorreu em 1999 com uma magnitude de 5,9. Deixou 149 mortos e mem\u00f3rias traum\u00e1ticas entre os atenienses.<\/p>\n<p data-track-category=\"Link no Texto\" data-track-links=\"\"><img loading=\"lazy\" decoding=\"async\" class=\"alignnone size-full wp-image-1008\" src=\"http:\/\/jorgezanoni.com.br\/2019\/wp-content\/uploads\/2019\/07\/terremoto2.jpg\" alt=\"\" width=\"1600\" height=\"1134\" srcset=\"https:\/\/jorgezanoni.com.br\/2019\/wp-content\/uploads\/2019\/07\/terremoto2.jpg 1600w, https:\/\/jorgezanoni.com.br\/2019\/wp-content\/uploads\/2019\/07\/terremoto2-300x213.jpg 300w, https:\/\/jorgezanoni.com.br\/2019\/wp-content\/uploads\/2019\/07\/terremoto2-768x544.jpg 768w, https:\/\/jorgezanoni.com.br\/2019\/wp-content\/uploads\/2019\/07\/terremoto2-1024x726.jpg 1024w, https:\/\/jorgezanoni.com.br\/2019\/wp-content\/uploads\/2019\/07\/terremoto2-100x70.jpg 100w, https:\/\/jorgezanoni.com.br\/2019\/wp-content\/uploads\/2019\/07\/terremoto2-696x493.jpg 696w, https:\/\/jorgezanoni.com.br\/2019\/wp-content\/uploads\/2019\/07\/terremoto2-1068x757.jpg 1068w, https:\/\/jorgezanoni.com.br\/2019\/wp-content\/uploads\/2019\/07\/terremoto2-593x420.jpg 593w\" sizes=\"auto, (max-width: 1600px) 100vw, 1600px\" \/><\/p>\n<\/div>\n<div class=\"mc-column content-text active-extra-styles \" data-block-type=\"unstyled\" data-block-weight=\"19\" data-block-id=\"11\">\n<p class=\"content-text__container \" data-track-category=\"Link no Texto\" data-track-links=\"\">A Gr\u00e9cia est\u00e1 localizada em importantes falhas geol\u00f3gicas e terremotos s\u00e3o frequentes. Na maioria das vezes, n\u00e3o h\u00e1 v\u00edtimas.<\/p>\n<\/div>\n<div class=\"mc-column content-text active-extra-styles \" data-block-type=\"unstyled\" data-block-weight=\"24\" data-block-id=\"12\">\n<p class=\"content-text__container \" data-track-category=\"Link no Texto\" data-track-links=\"\">Em julho de 2017, um terremoto de magnitude 6,7 na ilha de Kos, no Mar Egeu, deixou dois mortos e danos consider\u00e1veis.<\/p>\n<p data-track-category=\"Link no Texto\" data-track-links=\"\">Fonte: G1<\/p>\n<\/div>\n<\/div>\n<\/div>\n","protected":false},"excerpt":{"rendered":"<p>INTERNACIONAL Edif\u00edcios ficaram danificados e uma mulher ficou levemente ferida por causa da queda de destro\u00e7os. Em p\u00e2nico, as pessoas deixaram os im\u00f3veis e correram para as ruas da capital grega. Um terremoto de magnitude 5,3 atingiu Atenas, na\u00a0Gr\u00e9cia, nesta sexta-feira (19), causando s\u00e9rios problemas nas linhas telef\u00f4nicas e no fornecimento de energia el\u00e9trica. Um [&hellip;]<\/p>\n","protected":false},"author":1,"featured_media":1012,"comment_status":"open","ping_status":"open","sticky":false,"template":"","format":"standard","meta":{"footnotes":""},"categories":[114,110],"tags":[],"class_list":["post-1005","post","type-post","status-publish","format-standard","has-post-thumbnail","hentry","category-geralecomercio","category-noticiasdestaque"],"_links":{"self":[{"href":"https:\/\/jorgezanoni.com.br\/2019\/wp-json\/wp\/v2\/posts\/1005","targetHints":{"allow":["GET"]}}],"collection":[{"href":"https:\/\/jorgezanoni.com.br\/2019\/wp-json\/wp\/v2\/posts"}],"about":[{"href":"https:\/\/jorgezanoni.com.br\/2019\/wp-json\/wp\/v2\/types\/post"}],"author":[{"embeddable":true,"href":"https:\/\/jorgezanoni.com.br\/2019\/wp-json\/wp\/v2\/users\/1"}],"replies":[{"embeddable":true,"href":"https:\/\/jorgezanoni.com.br\/2019\/wp-json\/wp\/v2\/comments?post=1005"}],"version-history":[{"count":0,"href":"https:\/\/jorgezanoni.com.br\/2019\/wp-json\/wp\/v2\/posts\/1005\/revisions"}],"wp:featuredmedia":[{"embeddable":true,"href":"https:\/\/jorgezanoni.com.br\/2019\/wp-json\/wp\/v2\/media\/1012"}],"wp:attachment":[{"href":"https:\/\/jorgezanoni.com.br\/2019\/wp-json\/wp\/v2\/media?parent=1005"}],"wp:term":[{"taxonomy":"category","embeddable":true,"href":"https:\/\/jorgezanoni.com.br\/2019\/wp-json\/wp\/v2\/categories?post=1005"},{"taxonomy":"post_tag","embeddable":true,"href":"https:\/\/jorgezanoni.com.br\/2019\/wp-json\/wp\/v2\/tags?post=1005"}],"curies":[{"name":"wp","href":"https:\/\/api.w.org\/{rel}","templated":true}]}}