{"id":100476,"date":"2025-12-31T22:32:48","date_gmt":"2025-12-31T22:32:48","guid":{"rendered":"https:\/\/jorgezanoni.com.br\/2019\/?p=100476"},"modified":"2025-12-31T22:32:48","modified_gmt":"2025-12-31T22:32:48","slug":"o-fim-do-ano-e-os-arquetipos-que-nos-habitam-por-cidinha-pascoaloto","status":"publish","type":"post","link":"https:\/\/jorgezanoni.com.br\/2019\/o-fim-do-ano-e-os-arquetipos-que-nos-habitam-por-cidinha-pascoaloto\/","title":{"rendered":"O Fim do Ano e os Arqu\u00e9tipos que Nos Habitam  (por Cidinha Pascoaloto)"},"content":{"rendered":"<p style=\"text-align: justify;\"><strong>O Fim do Ano e os Arqu\u00e9tipos que Nos Habitam<\/strong><\/p>\n<p style=\"text-align: justify;\">Arqu\u00e9tipos s\u00e3o padr\u00f5es universais de comportamento, emo\u00e7\u00f5es e experi\u00eancias humanas. Eles nos ajudam a entender as for\u00e7as internas que nos movem. Est\u00e3o presentes em mitos, hist\u00f3rias, sonhos e no nosso cotidiano. Ao longo da vida, transitamos por diferentes arqu\u00e9tipos e sem perceber.<\/p>\n<p style=\"text-align: justify;\">Durante o ano, quantas vezes fomos o Her\u00f3i? Aquele que enfrenta desafios, suporta press\u00f5es, segue em frente mesmo com medo ou cansa\u00e7o. No trabalho, na fam\u00edlia, na vida pessoal, esse arqu\u00e9tipo se manifesta quando acreditamos que precisamos dar conta de tudo.<\/p>\n<p style=\"text-align: justify;\">Em outros momentos, o arqu\u00e9tipo do Cuidador se fez presente. \u00c9 ele que nos move a acolher, proteger e sustentar o outro. No nosso dia a dia ele aparece quando colocamos as necessidades alheias \u00e0 frente das nossas, quando escutamos, apoiamos e respeitamos. O Cuidador \u00e9 essencial para os v\u00ednculos, mas, quando esquece de si pode se perder no esgotamento f\u00edsico e mental.<\/p>\n<p style=\"text-align: justify;\">H\u00e1 tamb\u00e9m o Inocente, que carrega a esperan\u00e7a, a confian\u00e7a e o desejo de que a vida possa ser mais simples. Ele se manifesta nos pequenos gestos, na f\u00e9, nos planos feitos com o cora\u00e7\u00e3o aberto. Em tempos dif\u00edceis, esse arqu\u00e9tipo nos lembra que ainda \u00e9 poss\u00edvel acreditar.<\/p>\n<p style=\"text-align: justify;\">Com o passar do tempo, especialmente ao final do ano, surge o S\u00e1bio. Ele nasce da experi\u00eancia, das quedas, das escolhas dif\u00edceis e das pausas necess\u00e1rias. \u00c9 o arqu\u00e9tipo que nos convida a refletir, a integrar aprendizados e a agir com mais consci\u00eancia.<\/p>\n<p style=\"text-align: justify;\">Avaliar o ano que se encerra, \u00e0 luz dos arqu\u00e9tipos, n\u00e3o \u00e9 classificar quem fomos, mas reconhecer quais for\u00e7as internas conduziram nossas atitudes. Em que nos cobramos demais? Onde nos anulamos? Onde crescemos? Essa observa\u00e7\u00e3o feita com gentileza amplia o autoconhecimento e favorece escolhas mais alinhadas para o novo ciclo.<\/p>\n<p style=\"text-align: justify;\">O ano que vem n\u00e3o pede promessas grandiosas, mas presen\u00e7a. Ele nos convida a escolher com mais clareza quais arqu\u00e9tipos que queremos fortalecer. Talvez seja tempo de equilibrar o Her\u00f3i com o Cuidador de si, de permitir mais espa\u00e7o para a leveza do Inocente e de honrar o S\u00e1bio que o ano atual ajudou a construir.<\/p>\n<p style=\"text-align: justify;\"><img loading=\"lazy\" decoding=\"async\" class=\"alignnone size-full wp-image-100477\" src=\"https:\/\/jorgezanoni.com.br\/2019\/wp-content\/uploads\/2025\/12\/Cidinha-Pascoaloto-3.jpg\" alt=\"\" width=\"339\" height=\"480\" srcset=\"https:\/\/jorgezanoni.com.br\/2019\/wp-content\/uploads\/2025\/12\/Cidinha-Pascoaloto-3.jpg 339w, https:\/\/jorgezanoni.com.br\/2019\/wp-content\/uploads\/2025\/12\/Cidinha-Pascoaloto-3-212x300.jpg 212w, https:\/\/jorgezanoni.com.br\/2019\/wp-content\/uploads\/2025\/12\/Cidinha-Pascoaloto-3-297x420.jpg 297w\" sizes=\"auto, (max-width: 339px) 100vw, 339px\" \/>Cidinha Pascoaloto &#8211; Psic\u00f3loga &#8211;\u00a0\ud83d\udcde (18) 99725-6418<\/p>\n<p><a href=\"http:\/\/www.facebook.com\/cidinha.pascoaloto\">www.facebook.com\/cidinha.pascoaloto<\/a><\/p>\n<p><a href=\"https:\/\/www.instagram.com\/cidinhapsicologa?igsh=MXM1NWNodzd5bzN4bA%3D%3D\">Cidinha Pascoaloto (@cidinhapsicologa) \u2022 Fotos e v\u00eddeos do Instagram<\/a><\/p>\n<p>&nbsp;<\/p>\n","protected":false},"excerpt":{"rendered":"<p>O Fim do Ano e os Arqu\u00e9tipos que Nos Habitam Arqu\u00e9tipos s\u00e3o padr\u00f5es universais de comportamento, emo\u00e7\u00f5es e experi\u00eancias humanas. Eles nos ajudam a entender as for\u00e7as internas que nos movem. Est\u00e3o presentes em mitos, hist\u00f3rias, sonhos e no nosso cotidiano. Ao longo da vida, transitamos por diferentes arqu\u00e9tipos e sem perceber. Durante o ano, [&hellip;]<\/p>\n","protected":false},"author":1,"featured_media":100478,"comment_status":"closed","ping_status":"open","sticky":false,"template":"","format":"standard","meta":{"footnotes":""},"categories":[175],"tags":[],"class_list":["post-100476","post","type-post","status-publish","format-standard","has-post-thumbnail","hentry","category-artigos"],"_links":{"self":[{"href":"https:\/\/jorgezanoni.com.br\/2019\/wp-json\/wp\/v2\/posts\/100476","targetHints":{"allow":["GET"]}}],"collection":[{"href":"https:\/\/jorgezanoni.com.br\/2019\/wp-json\/wp\/v2\/posts"}],"about":[{"href":"https:\/\/jorgezanoni.com.br\/2019\/wp-json\/wp\/v2\/types\/post"}],"author":[{"embeddable":true,"href":"https:\/\/jorgezanoni.com.br\/2019\/wp-json\/wp\/v2\/users\/1"}],"replies":[{"embeddable":true,"href":"https:\/\/jorgezanoni.com.br\/2019\/wp-json\/wp\/v2\/comments?post=100476"}],"version-history":[{"count":1,"href":"https:\/\/jorgezanoni.com.br\/2019\/wp-json\/wp\/v2\/posts\/100476\/revisions"}],"predecessor-version":[{"id":100479,"href":"https:\/\/jorgezanoni.com.br\/2019\/wp-json\/wp\/v2\/posts\/100476\/revisions\/100479"}],"wp:featuredmedia":[{"embeddable":true,"href":"https:\/\/jorgezanoni.com.br\/2019\/wp-json\/wp\/v2\/media\/100478"}],"wp:attachment":[{"href":"https:\/\/jorgezanoni.com.br\/2019\/wp-json\/wp\/v2\/media?parent=100476"}],"wp:term":[{"taxonomy":"category","embeddable":true,"href":"https:\/\/jorgezanoni.com.br\/2019\/wp-json\/wp\/v2\/categories?post=100476"},{"taxonomy":"post_tag","embeddable":true,"href":"https:\/\/jorgezanoni.com.br\/2019\/wp-json\/wp\/v2\/tags?post=100476"}],"curies":[{"name":"wp","href":"https:\/\/api.w.org\/{rel}","templated":true}]}}