{"id":100427,"date":"2025-12-28T14:10:41","date_gmt":"2025-12-28T14:10:41","guid":{"rendered":"https:\/\/jorgezanoni.com.br\/2019\/?p=100427"},"modified":"2025-12-28T14:10:41","modified_gmt":"2025-12-28T14:10:41","slug":"policia-militar-atende-ocorrencia-de-homicidio-em-sitio-na-zona-rural-de-panorama","status":"publish","type":"post","link":"https:\/\/jorgezanoni.com.br\/2019\/policia-militar-atende-ocorrencia-de-homicidio-em-sitio-na-zona-rural-de-panorama\/","title":{"rendered":"Pol\u00edcia Militar atende ocorr\u00eancia de Homic\u00eddio em s\u00edtio na zona rural de Panorama"},"content":{"rendered":"<p style=\"text-align: justify;\">Na manh\u00e3 de ontem (27), por volta das 08h10min, policiais militares do 25\u00ba BPM\/I, durante patrulhamento pela cidade de Panorama, foram acionados via COPOM para atendimento de uma ocorr\u00eancia de desintelig\u00eancia em um s\u00edtio. No local, com apoio de outra viatura, a equipe visualizou um indiv\u00edduo ca\u00eddo ao solo, com ferimentos graves na regi\u00e3o da cabe\u00e7a e amarrado com corda. Outros dois envolvidos (m\u00e3e e filho), tamb\u00e9m foram encontrados feridos, sendo ambos socorridos pela ambul\u00e2ncia municipal ao Pronto Atendimento de Panorama. Posteriormente, foi constatado o \u00f3bito do indiv\u00edduo que estava ao solo. Durante a averigua\u00e7\u00e3o no quintal da resid\u00eancia, foi localizada uma marreta com manchas aparentes de sangue, possivelmente utilizada na agress\u00e3o, permanecendo o local preservado para per\u00edcia. Em entrevista no Pronto Atendimento, o autor relatou que auxiliava a v\u00edtima a dar partida em uma motocicleta quando foi agredido na cabe\u00e7a com uma marreta, iniciando-se luta corporal. Diante da situa\u00e7\u00e3o, pediu ajuda \u00e0 sua m\u00e3e para tentar cont\u00ea-lo, utilizando uma corda. Ainda assim, a v\u00edtima passou a agredir a mulher com um peda\u00e7o de madeira, causando les\u00f5es. Em seguida, o autor se apossou da marreta e desferiu diversos golpes na regi\u00e3o da cabe\u00e7a da v\u00edtima. A testemunha confirmou que ouviu os pedidos de socorro do filho, tentou auxili\u00e1-lo e tamb\u00e9m foi agredida pela v\u00edtima antes de presenciar o golpe fatal. Ap\u00f3s os fatos, acionou o telefone 190 solicitando apoio policial. A testemunha foi medicada e liberada, enquanto o autor permaneceu sob observa\u00e7\u00e3o m\u00e9dica devido a les\u00f5es na cabe\u00e7a e cervical, sendo posteriormente conduzido ao Plant\u00e3o Policial. A autoridade de plant\u00e3o requisitou per\u00edcia t\u00e9cnica, que apreendeu uma marreta, um peda\u00e7o de madeira e um bon\u00e9. Aparelhos celulares dos envolvidos tamb\u00e9m foram apreendidos. A ocorr\u00eancia foi registrada como homic\u00eddio, permanecendo o autor \u00e0 disposi\u00e7\u00e3o da Justi\u00e7a.<\/p>\n<p>Fonte: Comunica\u00e7\u00e3o Social Pol\u00edcia Militar<\/p>\n<p>Foto: Redes Sociais<\/p>\n","protected":false},"excerpt":{"rendered":"<p>Na manh\u00e3 de ontem (27), por volta das 08h10min, policiais militares do 25\u00ba BPM\/I, durante patrulhamento pela cidade de Panorama, foram acionados via COPOM para atendimento de uma ocorr\u00eancia de desintelig\u00eancia em um s\u00edtio. No local, com apoio de outra viatura, a equipe visualizou um indiv\u00edduo ca\u00eddo ao solo, com ferimentos graves na regi\u00e3o da [&hellip;]<\/p>\n","protected":false},"author":1,"featured_media":100428,"comment_status":"closed","ping_status":"open","sticky":false,"template":"","format":"standard","meta":{"footnotes":""},"categories":[110,2],"tags":[],"class_list":["post-100427","post","type-post","status-publish","format-standard","has-post-thumbnail","hentry","category-noticiasdestaque","category-policial"],"_links":{"self":[{"href":"https:\/\/jorgezanoni.com.br\/2019\/wp-json\/wp\/v2\/posts\/100427","targetHints":{"allow":["GET"]}}],"collection":[{"href":"https:\/\/jorgezanoni.com.br\/2019\/wp-json\/wp\/v2\/posts"}],"about":[{"href":"https:\/\/jorgezanoni.com.br\/2019\/wp-json\/wp\/v2\/types\/post"}],"author":[{"embeddable":true,"href":"https:\/\/jorgezanoni.com.br\/2019\/wp-json\/wp\/v2\/users\/1"}],"replies":[{"embeddable":true,"href":"https:\/\/jorgezanoni.com.br\/2019\/wp-json\/wp\/v2\/comments?post=100427"}],"version-history":[{"count":1,"href":"https:\/\/jorgezanoni.com.br\/2019\/wp-json\/wp\/v2\/posts\/100427\/revisions"}],"predecessor-version":[{"id":100429,"href":"https:\/\/jorgezanoni.com.br\/2019\/wp-json\/wp\/v2\/posts\/100427\/revisions\/100429"}],"wp:featuredmedia":[{"embeddable":true,"href":"https:\/\/jorgezanoni.com.br\/2019\/wp-json\/wp\/v2\/media\/100428"}],"wp:attachment":[{"href":"https:\/\/jorgezanoni.com.br\/2019\/wp-json\/wp\/v2\/media?parent=100427"}],"wp:term":[{"taxonomy":"category","embeddable":true,"href":"https:\/\/jorgezanoni.com.br\/2019\/wp-json\/wp\/v2\/categories?post=100427"},{"taxonomy":"post_tag","embeddable":true,"href":"https:\/\/jorgezanoni.com.br\/2019\/wp-json\/wp\/v2\/tags?post=100427"}],"curies":[{"name":"wp","href":"https:\/\/api.w.org\/{rel}","templated":true}]}}