{"id":100388,"date":"2025-12-25T23:53:03","date_gmt":"2025-12-25T23:53:03","guid":{"rendered":"https:\/\/jorgezanoni.com.br\/2019\/?p=100388"},"modified":"2025-12-25T23:57:58","modified_gmt":"2025-12-25T23:57:58","slug":"policia-militar-autua-motociclista-que-participaria-de-rolezinho-de-natal-em-drace-a","status":"publish","type":"post","link":"https:\/\/jorgezanoni.com.br\/2019\/policia-militar-autua-motociclista-que-participaria-de-rolezinho-de-natal-em-drace-a\/","title":{"rendered":"Pol\u00edcia Militar autua motociclista que participaria de &#8220;Rolezinho de Natal&#8221; em Dracena"},"content":{"rendered":"<p style=\"text-align: justify;\"><strong>Em patrulhamento, Pol\u00edcia Militar autua jovem de 24 anos por conduzir motocicleta sem a placa traseira (artigo 311-A) e recusa. Fato aconteceu na Rua Al\u00e9cio Perosso, no Bairro Metr\u00f3pole, em Dracena na noite desta quarta-feira (24).<\/strong><\/p>\n<p style=\"text-align: justify;\">Durante patrulhamento ostensivo preventivo e de manuten\u00e7\u00e3o da ordem p\u00fablica pelo munic\u00edpio de Dracena, era de conhecimento desta equipe, por meio de informa\u00e7\u00f5es veiculadas em redes sociais, que ocorreria nesta data um evento denominado \u201cRolezinho de Natal\u201d, no qual os participantes retirariam as placas de identifica\u00e7\u00e3o e os escapamentos dos ve\u00edculos, com o objetivo de dificultar a fiscaliza\u00e7\u00e3o policial, bem como praticar delitos e infra\u00e7\u00f5es de tr\u00e2nsito, colocando em risco a circula\u00e7\u00e3o vi\u00e1ria e a integridade f\u00edsica dos usu\u00e1rios da via.<br \/>\nDiante disso, o patrulhamento foi intensificado pela Avenida Washington Lu\u00eds e nas imedia\u00e7\u00f5es da Boate Metamorfose, locais de grande fluxo de pessoas e ve\u00edculos.<br \/>\nEsta equipe realizava patrulhamento pela Rua Alcides Chacon Couto quando, no cruzamento com a Rua Al\u00e9cio Peroso, visualizou diversas motocicletas estacionadas ao lado da Boate Metamorfose, situada na Rua Al\u00e9cio Peroso. Dentre elas, foi avistada uma motocicleta sem a placa traseira de identifica\u00e7\u00e3o.<br \/>\nAo realizar o retorno para proceder \u00e0 averigua\u00e7\u00e3o, o condutor da referida motocicleta, em aparente desespero por receio de perder o ve\u00edculo, correu em dire\u00e7\u00e3o \u00e0 moto, ligou-a e tentou evadir-se do local. Contudo, a equipe conseguiu imobilizar e deter o condutor, sendo necess\u00e1rio o uso de algemas, diante do fundado receio de fuga.<br \/>\nIndagado, o condutor declarou \u00e0 equipe que havia ingerido bebida alco\u00f3lica e que retirou a placa traseira da motocicleta com a finalidade de participar do referido evento.<br \/>\nDiante dos fatos, o autor foi conduzido ao Plant\u00e3o Policial, onde a Delegada de Pol\u00edcia Anna elaborou o Boletim de Ocorr\u00eancia de Pol\u00edcia Civil (BOPC), tipificando a conduta no artigo 311-A do C\u00f3digo de Tr\u00e2nsito Brasileiro. O autor permaneceu preso, e a motocicleta placa RWF-9E63 CG-160 START foi apreendida pela Pol\u00edcia Civil. Foram confeccionados quatro autos de infra\u00e7\u00e3o de tr\u00e2nsito.<\/p>\n<p style=\"text-align: justify;\">Trabalharam na ocorr\u00eancia o CB PM MAYCON e CB PM LIMA J\u00daLIO com apoio das equipes TEN PM PAGOTO e SD PM ROBSON, SGT PM GAMA, CB PM IGN\u00c1CIO e SD PM CALDAS, SGT PM OLIVIO e CB PM SARTORI, SGT PM JACILENE e CB PM GILMAR, CB PM DIAS e CB PM WILIAN<\/p>\n<p style=\"text-align: justify;\">POL\u00cdCIA MILITAR DO ESTADO DE S\u00c3O PAULO &#8211; CPI-8 &#8211; 25 BPM-I &#8211; 1\u00aa CIA &#8211; DRACENA-SP<\/p>\n","protected":false},"excerpt":{"rendered":"<p>Em patrulhamento, Pol\u00edcia Militar autua jovem de 24 anos por conduzir motocicleta sem a placa traseira (artigo 311-A) e recusa. Fato aconteceu na Rua Al\u00e9cio Perosso, no Bairro Metr\u00f3pole, em Dracena na noite desta quarta-feira (24). Durante patrulhamento ostensivo preventivo e de manuten\u00e7\u00e3o da ordem p\u00fablica pelo munic\u00edpio de Dracena, era de conhecimento desta equipe, [&hellip;]<\/p>\n","protected":false},"author":1,"featured_media":100389,"comment_status":"closed","ping_status":"open","sticky":false,"template":"","format":"standard","meta":{"footnotes":""},"categories":[110,2],"tags":[],"class_list":["post-100388","post","type-post","status-publish","format-standard","has-post-thumbnail","hentry","category-noticiasdestaque","category-policial"],"_links":{"self":[{"href":"https:\/\/jorgezanoni.com.br\/2019\/wp-json\/wp\/v2\/posts\/100388","targetHints":{"allow":["GET"]}}],"collection":[{"href":"https:\/\/jorgezanoni.com.br\/2019\/wp-json\/wp\/v2\/posts"}],"about":[{"href":"https:\/\/jorgezanoni.com.br\/2019\/wp-json\/wp\/v2\/types\/post"}],"author":[{"embeddable":true,"href":"https:\/\/jorgezanoni.com.br\/2019\/wp-json\/wp\/v2\/users\/1"}],"replies":[{"embeddable":true,"href":"https:\/\/jorgezanoni.com.br\/2019\/wp-json\/wp\/v2\/comments?post=100388"}],"version-history":[{"count":3,"href":"https:\/\/jorgezanoni.com.br\/2019\/wp-json\/wp\/v2\/posts\/100388\/revisions"}],"predecessor-version":[{"id":100392,"href":"https:\/\/jorgezanoni.com.br\/2019\/wp-json\/wp\/v2\/posts\/100388\/revisions\/100392"}],"wp:featuredmedia":[{"embeddable":true,"href":"https:\/\/jorgezanoni.com.br\/2019\/wp-json\/wp\/v2\/media\/100389"}],"wp:attachment":[{"href":"https:\/\/jorgezanoni.com.br\/2019\/wp-json\/wp\/v2\/media?parent=100388"}],"wp:term":[{"taxonomy":"category","embeddable":true,"href":"https:\/\/jorgezanoni.com.br\/2019\/wp-json\/wp\/v2\/categories?post=100388"},{"taxonomy":"post_tag","embeddable":true,"href":"https:\/\/jorgezanoni.com.br\/2019\/wp-json\/wp\/v2\/tags?post=100388"}],"curies":[{"name":"wp","href":"https:\/\/api.w.org\/{rel}","templated":true}]}}