{"id":10038,"date":"2019-10-31T01:27:44","date_gmt":"2019-10-31T01:27:44","guid":{"rendered":"https:\/\/jorgezanoni.com.br\/2019\/?p=10038"},"modified":"2019-10-31T01:27:44","modified_gmt":"2019-10-31T01:27:44","slug":"carta-apreendida-na-penitenciaria-de-presidente-bernardes-contem-nova-ameaca-a-promotor-do-gaeco","status":"publish","type":"post","link":"https:\/\/jorgezanoni.com.br\/2019\/carta-apreendida-na-penitenciaria-de-presidente-bernardes-contem-nova-ameaca-a-promotor-do-gaeco\/","title":{"rendered":"Carta apreendida na Penitenci\u00e1ria de Presidente Bernardes cont\u00e9m nova amea\u00e7a a promotor do Gaeco"},"content":{"rendered":"<h2 class=\"content-head__subtitle\" style=\"text-align: justify;\"><strong>A\u00e7\u00f5es policiais foram realizadas em endere\u00e7os do Conjunto Habitacional Jo\u00e3o Domingos Netto, em Presidente Prudente, e encontraram documentos e anota\u00e7\u00f5es de contas banc\u00e1rias.<\/strong><\/h2>\n<div class=\"mc-column content-text active-extra-styles \" style=\"text-align: justify;\" data-block-type=\"unstyled\" data-block-weight=\"57\" data-block-id=\"2\">\n<p class=\"content-text__container \" data-track-category=\"Link no Texto\" data-track-links=\"\">A Pol\u00edcia Civil e o Minist\u00e9rio P\u00fablico Estadual (MPE) revelaram a exist\u00eancia de uma nova carta amea\u00e7ando a vida de agentes p\u00fablicos na regi\u00e3o de Presidente Prudente. A carta foi apreendida na semana passada, na Penitenci\u00e1ria \u201cSilvio Yoshihiko Hinohara\u201d, a P1, em\u00a0<a href=\"https:\/\/g1.globo.com\/sp\/presidente-prudente-regiao\/cidade\/presidente-bernardes-sp\/\">Presidente Bernardes (SP)<\/a>, e diz que o &#8220;promotor do Gaeco tem que morrer esta semana&#8221;.<\/p>\n<\/div>\n<div class=\"wall protected-content\">\n<div class=\"mc-column content-text active-extra-styles \" data-block-type=\"unstyled\" data-block-weight=\"51\" data-block-id=\"3\">\n<p class=\"content-text__container \" style=\"text-align: justify;\" data-track-category=\"Link no Texto\" data-track-links=\"\">A refer\u00eancia, segundo o pr\u00f3prio MPE, \u00e9 ao promotor de Justi\u00e7a Lincoln Gakiya, que atua no Grupo de Atua\u00e7\u00e3o Especial de Combate ao Crime Organizado (Gaeco) e foi o autor do pedido de\u00a0<a href=\"https:\/\/g1.globo.com\/sp\/sao-paulo\/noticia\/2019\/02\/13\/22-integrantes-de-faccao-criminosa-de-sp-sao-transferidos-para-presidios-federais.ghtml\">transfer\u00eancia de lideran\u00e7as da fac\u00e7\u00e3o criminosa que controla o crime no Estado de S\u00e3o Paulo para pres\u00eddios federais<\/a>.<\/p>\n<p style=\"text-align: justify;\" data-track-category=\"Link no Texto\" data-track-links=\"\">A carta revela detalhes \u2013 um endere\u00e7o onde estariam armas e explosivos \u2013 e que o plano envolve uma fuga para a Bol\u00edvia e para o Paraguai.<\/p>\n<ul class=\"content-unordered-list\" style=\"text-align: justify;\">\n<li><a href=\"https:\/\/g1.globo.com\/sp\/presidente-prudente-regiao\/noticia\/2019\/10\/03\/policia-civil-conclui-inquerito-sobre-cartas-de-faccao-criminosa-com-planos-para-matar-promotor-de-justica-e-indicia-tres-presos.ghtml\">Pol\u00edcia Civil conclui inqu\u00e9rito sobre cartas de fac\u00e7\u00e3o criminosa com planos para matar promotor de Justi\u00e7a e indicia tr\u00eas presos<\/a><\/li>\n<li><a href=\"https:\/\/g1.globo.com\/sp\/sao-paulo\/noticia\/2018\/12\/10\/cartas-de-faccao-revelam-plano-para-matar-promotor-e-coordenador-de-presidios-de-sp.ghtml\">Cartas de fac\u00e7\u00e3o revelam plano para matar promotor e coordenador de pres\u00eddios de SP<\/a><\/li>\n<li><a href=\"https:\/\/g1.globo.com\/sp\/sao-paulo\/noticia\/2019\/01\/25\/nova-carta-de-faccao-criminosa-com-ordens-para-matar-promotor-e-coordenador-de-presidios-de-sp-e-apreendida.ghtml\">Nova carta de fac\u00e7\u00e3o criminosa com ordens para matar promotor e coordenador de pres\u00eddios de SP \u00e9 apreendida<\/a><\/li>\n<li><a href=\"https:\/\/g1.globo.com\/sp\/sao-paulo\/noticia\/2019\/02\/13\/22-integrantes-de-faccao-criminosa-de-sp-sao-transferidos-para-presidios-federais.ghtml\">Marcola, chefe de fac\u00e7\u00e3o criminosa de SP, e mais 21 presos s\u00e3o transferidos para penitenci\u00e1rias federais<\/a><\/li>\n<li><a href=\"https:\/\/g1.globo.com\/fantastico\/noticia\/2019\/09\/15\/cartas-mostram-plano-de-faccao-criminosa-para-matar-promotor-de-justica.ghtml\">Cartas mostram plano de fac\u00e7\u00e3o criminosa para matar promotor de Justi\u00e7a<\/a><\/li>\n<\/ul>\n<div class=\"mc-column content-text active-extra-styles \" style=\"text-align: justify;\" data-block-type=\"unstyled\" data-block-weight=\"36\" data-block-id=\"9\">\n<p class=\"content-text__container \" data-track-category=\"Link no Texto\" data-track-links=\"\">A\u00e7\u00f5es policiais foram realizadas em endere\u00e7os do Conjunto Habitacional Jo\u00e3o Domingos Netto, em\u00a0<a href=\"https:\/\/g1.globo.com\/sp\/presidente-prudente-regiao\/cidade\/presidente-prudente\/\">Presidente Prudente (SP)<\/a>, onde foram encontrados documentos e anota\u00e7\u00f5es de contas banc\u00e1rias \u2013 o armamento e o restante do material n\u00e3o foram localizados.<\/p>\n<\/div>\n<div class=\"mc-column content-text active-extra-styles \" data-block-type=\"unstyled\" data-block-weight=\"45\" data-block-id=\"10\">\n<p class=\"content-text__container \" style=\"text-align: justify;\" data-track-category=\"Link no Texto\" data-track-links=\"\">O mesmo promotor de Justi\u00e7a tamb\u00e9m j\u00e1 foi alvo de outras amea\u00e7as do crime organizado descobertas atrav\u00e9s da\u00a0<a href=\"https:\/\/g1.globo.com\/sp\/presidente-prudente-regiao\/noticia\/2019\/10\/03\/policia-civil-conclui-inquerito-sobre-cartas-de-faccao-criminosa-com-planos-para-matar-promotor-de-justica-e-indicia-tres-presos.ghtml\">apreens\u00e3o de cartas em unidades prisionais na regi\u00e3o de Presidente Prudente<\/a>\u00a0e, por isso, conta com seguran\u00e7a refor\u00e7ada em escolta da Pol\u00edcia Militar para a sua prote\u00e7\u00e3o.<\/p>\n<p style=\"text-align: justify;\" data-track-category=\"Link no Texto\" data-track-links=\"\">Fonte: https:\/\/g1.globo.com\/sp\/presidente-prudente-regiao\/noticia\/2019\/10\/30\/carta-apreendida-na-penitenciaria-de-presidente-bernardes-contem-nova-ameaca-a-promotor-do-gaeco.ghtml<\/p>\n<\/div>\n<\/div>\n<\/div>\n","protected":false},"excerpt":{"rendered":"<p>A\u00e7\u00f5es policiais foram realizadas em endere\u00e7os do Conjunto Habitacional Jo\u00e3o Domingos Netto, em Presidente Prudente, e encontraram documentos e anota\u00e7\u00f5es de contas banc\u00e1rias. A Pol\u00edcia Civil e o Minist\u00e9rio P\u00fablico Estadual (MPE) revelaram a exist\u00eancia de uma nova carta amea\u00e7ando a vida de agentes p\u00fablicos na regi\u00e3o de Presidente Prudente. A carta foi apreendida na [&hellip;]<\/p>\n","protected":false},"author":1,"featured_media":10039,"comment_status":"closed","ping_status":"open","sticky":false,"template":"","format":"standard","meta":{"footnotes":""},"categories":[120,110],"tags":[],"class_list":["post-10038","post","type-post","status-publish","format-standard","has-post-thumbnail","hentry","category-justicahabitacaotecnologia","category-noticiasdestaque"],"_links":{"self":[{"href":"https:\/\/jorgezanoni.com.br\/2019\/wp-json\/wp\/v2\/posts\/10038","targetHints":{"allow":["GET"]}}],"collection":[{"href":"https:\/\/jorgezanoni.com.br\/2019\/wp-json\/wp\/v2\/posts"}],"about":[{"href":"https:\/\/jorgezanoni.com.br\/2019\/wp-json\/wp\/v2\/types\/post"}],"author":[{"embeddable":true,"href":"https:\/\/jorgezanoni.com.br\/2019\/wp-json\/wp\/v2\/users\/1"}],"replies":[{"embeddable":true,"href":"https:\/\/jorgezanoni.com.br\/2019\/wp-json\/wp\/v2\/comments?post=10038"}],"version-history":[{"count":0,"href":"https:\/\/jorgezanoni.com.br\/2019\/wp-json\/wp\/v2\/posts\/10038\/revisions"}],"wp:featuredmedia":[{"embeddable":true,"href":"https:\/\/jorgezanoni.com.br\/2019\/wp-json\/wp\/v2\/media\/10039"}],"wp:attachment":[{"href":"https:\/\/jorgezanoni.com.br\/2019\/wp-json\/wp\/v2\/media?parent=10038"}],"wp:term":[{"taxonomy":"category","embeddable":true,"href":"https:\/\/jorgezanoni.com.br\/2019\/wp-json\/wp\/v2\/categories?post=10038"},{"taxonomy":"post_tag","embeddable":true,"href":"https:\/\/jorgezanoni.com.br\/2019\/wp-json\/wp\/v2\/tags?post=10038"}],"curies":[{"name":"wp","href":"https:\/\/api.w.org\/{rel}","templated":true}]}}