{"id":100321,"date":"2025-12-24T14:25:23","date_gmt":"2025-12-24T14:25:23","guid":{"rendered":"https:\/\/jorgezanoni.com.br\/2019\/?p=100321"},"modified":"2025-12-24T14:28:25","modified_gmt":"2025-12-24T14:28:25","slug":"lideranca-regional-no-setor-de-saude-ceo-do-hospital-oculare-se-destaca-por-visao-empreendedora-e-decisoes-estrategicas-que-aceleram-o-crescimento-da-operacao","status":"publish","type":"post","link":"https:\/\/jorgezanoni.com.br\/2019\/lideranca-regional-no-setor-de-saude-ceo-do-hospital-oculare-se-destaca-por-visao-empreendedora-e-decisoes-estrategicas-que-aceleram-o-crescimento-da-operacao\/","title":{"rendered":"Lideran\u00e7a Regional no Setor de Sa\u00fade: CEO do Hospital Oculare se destaca por vis\u00e3o empreendedora e decis\u00f5es estrat\u00e9gicas que aceleram o crescimento da opera\u00e7\u00e3o"},"content":{"rendered":"<p style=\"text-align: justify;\"><strong>Di\u00e1rio Real de uma CEO &amp; Consigliera Estrat\u00e9gica Global.<\/strong><\/p>\n<p style=\"text-align: justify;\"><strong>\u2615\u201cReflex\u00f5es que movem neg\u00f3cios, na\u00e7\u00f5es e mentes \u2014 escritas entre caf\u00e9s e vis\u00f5es\u201d<\/strong><\/p>\n<p style=\"text-align: justify;\"><span style=\"font-weight: 400;\">Hoje escrevo a partir de uma reflex\u00e3o diferente das anteriores.<\/span><span style=\"font-weight: 400;\"><br \/>\n<\/span><span style=\"font-weight: 400;\">N\u00e3o sobre teoria.<\/span><span style=\"font-weight: 400;\"><br \/>\n<\/span><span style=\"font-weight: 400;\">N\u00e3o sobre tend\u00eancias globais.<\/span><\/p>\n<p style=\"text-align: justify;\"><span style=\"font-weight: 400;\">Mas sobre <\/span><b>lideran\u00e7a aplicada<\/b><span style=\"font-weight: 400;\">, abrindo bastidores reais de um cliente que decidiu amadurecer e escalar sua opera\u00e7\u00e3o.<\/span><\/p>\n<p style=\"text-align: justify;\"><span style=\"font-weight: 400;\">Existe um tipo de crescimento que n\u00e3o nasce de campanhas agressivas, nem de promessas vazias.<\/span><span style=\"font-weight: 400;\"><br \/>\n<\/span><span style=\"font-weight: 400;\">Ele nasce quando um CEO assume responsabilidade estrat\u00e9gica sobre a pr\u00f3pria opera\u00e7\u00e3o.<\/span><\/p>\n<p style=\"text-align: justify;\"><span style=\"font-weight: 400;\">E foi exatamente isso que vi acontecer no <\/span><b>Hospital Oculare<\/b><span style=\"font-weight: 400;\">. E irei abrir hoje o retrato de decis\u00e3o estrat\u00e9gica bem tomada.<\/span><\/p>\n<h2 style=\"text-align: justify;\"><b>Quando crescimento n\u00e3o \u00e9 sorte \u2014 \u00e9 decis\u00e3o<\/b><\/h2>\n<p style=\"text-align: justify;\"><span style=\"font-weight: 400;\">Em mercados de sa\u00fade, crescer de forma consistente \u00e9 um desafio ainda maior.<\/span><span style=\"font-weight: 400;\"><br \/>\n<\/span><span style=\"font-weight: 400;\">Alta complexidade operacional, m\u00faltiplos pontos de contato com o paciente, decis\u00f5es sens\u00edveis e uma linha t\u00eanue entre efici\u00eancia e cuidado humano.<\/span><\/p>\n<p style=\"text-align: justify;\"><span style=\"font-weight: 400;\">O que diferencia l\u00edderes comuns de l\u00edderes excepcionais nesse cen\u00e1rio <\/span><b>n\u00e3o \u00e9 tecnologia isolada<\/b><span style=\"font-weight: 400;\">.<\/span><span style=\"font-weight: 400;\"><br \/>\n<\/span><span style=\"font-weight: 400;\">\u00c9 <\/span><b>vis\u00e3o empreendedora aplicada \u00e0 gest\u00e3o<\/b><span style=\"font-weight: 400;\">.<\/span><\/p>\n<p style=\"text-align: justify;\"><span style=\"font-weight: 400;\">O CEO do Hospital Oculare compreendeu algo que poucos l\u00edderes regionais entendem:<\/span><\/p>\n<p style=\"text-align: justify;\"><span style=\"font-weight: 400;\">crescimento sustent\u00e1vel n\u00e3o come\u00e7a no marketing \u2014<\/span><span style=\"font-weight: 400;\"><br \/>\n<\/span><span style=\"font-weight: 400;\">come\u00e7a no atendimento, no processo e na clareza operacional.<\/span><\/p>\n<h2 style=\"text-align: justify;\"><b>Da opera\u00e7\u00e3o reativa \u00e0 opera\u00e7\u00e3o inteligente<\/b><\/h2>\n<p style=\"text-align: justify;\"><span style=\"font-weight: 400;\">Antes da minha atua\u00e7\u00e3o como conselheira estrat\u00e9gica, o cen\u00e1rio era comum a muitas empresas em expans\u00e3o:<\/span><\/p>\n<ul style=\"text-align: justify;\">\n<li style=\"font-weight: 400;\" aria-level=\"1\"><span style=\"font-weight: 400;\">resultados com oscila\u00e7\u00f5es naturais<\/span><\/li>\n<li style=\"font-weight: 400;\" aria-level=\"1\"><span style=\"font-weight: 400;\">processos pouco padronizados<\/span><\/li>\n<li style=\"font-weight: 400;\" aria-level=\"1\"><span style=\"font-weight: 400;\">atendimento dependente de pessoas espec\u00edficas<\/span><\/li>\n<li style=\"font-weight: 400;\" aria-level=\"1\"><span style=\"font-weight: 400;\">convers\u00e3o pouco previs\u00edvel<\/span><span style=\"font-weight: 400;\"><br \/>\n<\/span><\/li>\n<\/ul>\n<p style=\"text-align: justify;\"><span style=\"font-weight: 400;\">Nada estava \u201cerrado\u201d.<\/span><span style=\"font-weight: 400;\"><br \/>\n<\/span><span style=\"font-weight: 400;\">Mas tamb\u00e9m <\/span><b>nada estava pronto para escalar<\/b><span style=\"font-weight: 400;\">.<\/span><\/p>\n<p style=\"text-align: justify;\"><span style=\"font-weight: 400;\">A decis\u00e3o n\u00e3o foi \u201cvender mais\u201d.<\/span><\/p>\n<p style=\"text-align: justify;\"><span style=\"font-weight: 400;\">Foi <\/span><b>otimizar o processo comercial de forma estrat\u00e9gica e inteligente<\/b><span style=\"font-weight: 400;\">.<\/span><\/p>\n<p style=\"text-align: justify;\"><span style=\"font-weight: 400;\">O foco esteve exatamente no cora\u00e7\u00e3o de toda cl\u00ednica e hospital m\u00e9dico:<\/span><span style=\"font-weight: 400;\"><br \/>\n<\/span><b>atendimento, opera\u00e7\u00e3o e tomada de decis\u00e3o<\/b><span style=\"font-weight: 400;\">.<\/span><\/p>\n<p style=\"text-align: justify;\"><span style=\"font-weight: 400;\">A partir de ajustes estrat\u00e9gicos em:<\/span><\/p>\n<ul style=\"text-align: justify;\">\n<li style=\"font-weight: 400;\" aria-level=\"1\"><span style=\"font-weight: 400;\">estrutura do atendimento<\/span><\/li>\n<li style=\"font-weight: 400;\" aria-level=\"1\"><span style=\"font-weight: 400;\">clareza de linguagem e comunica\u00e7\u00e3o<\/span><\/li>\n<li style=\"font-weight: 400;\" aria-level=\"1\"><span style=\"font-weight: 400;\">padroniza\u00e7\u00e3o da experi\u00eancia do paciente<\/span><\/li>\n<li style=\"font-weight: 400;\" aria-level=\"1\"><span style=\"font-weight: 400;\">intelig\u00eancia aplicada ao processo<\/span><\/li>\n<li style=\"font-weight: 400;\" aria-level=\"1\"><span style=\"font-weight: 400;\">gest\u00e3o orientada por dados, n\u00e3o por feeling<\/span><span style=\"font-weight: 400;\"><br \/>\n<\/span><\/li>\n<\/ul>\n<p style=\"text-align: justify;\"><span style=\"font-weight: 400;\">o impacto come\u00e7ou a aparecer de forma consistente e sustent\u00e1vel..<\/span><\/p>\n<h2 style=\"text-align: justify;\"><b>O P\u00f3s: O Crescimento Exponencial<\/b><\/h2>\n<p style=\"text-align: justify;\"><span style=\"font-weight: 400;\">Ap\u00f3s a implanta\u00e7\u00e3o estrat\u00e9gica e o per\u00edodo natural de ajuste operacional, o Hospital Oculare passou a operar com:<\/span><\/p>\n<p style=\"text-align: justify;\"><b>crescimento m\u00e9dio superior a 20%<\/b><span style=\"font-weight: 400;\">,<\/span><span style=\"font-weight: 400;\"><br \/>\n<\/span><b>redu\u00e7\u00e3o clara da volatilidade<\/b><span style=\"font-weight: 400;\">,<\/span><span style=\"font-weight: 400;\"><br \/>\n<\/span><b>aumento da previsibilidade dos resultados<\/b><span style=\"font-weight: 400;\">.<\/span><\/p>\n<p style=\"text-align: justify;\"><span style=\"font-weight: 400;\">Esse tipo de avan\u00e7o n\u00e3o vem de a\u00e7\u00f5es isoladas.<\/span><span style=\"font-weight: 400;\"><br \/>\n<\/span><span style=\"font-weight: 400;\">Ele surge quando decis\u00f5es estruturais s\u00e3o bem tomadas.<\/span><\/p>\n<p style=\"text-align: justify;\"><span style=\"font-weight: 400;\">\u201c\u00c0s vezes patin\u00e1vamos no momento de bater o martelo com o paciente. Com a mentoria, conseguimos ajustar pontos-chave e aumentar nossa efetividade no fechamento.\u201d<\/span><span style=\"font-weight: 400;\"><br \/>\n<\/span><span style=\"font-weight: 400;\"> \u2014 <\/span><i><span style=\"font-weight: 400;\">\u00c9verton, supervisor regional<\/span><\/i><\/p>\n<p style=\"text-align: justify;\"><span style=\"font-weight: 400;\">\u201cA comunica\u00e7\u00e3o passou a ser mais assertiva e efetiva dentro do centro de atendimento, que \u00e9 o cora\u00e7\u00e3o da empresa. Isso trouxe mais qualidade ao atendimento e mais seguran\u00e7a para a equipe.\u201d<\/span><span style=\"font-weight: 400;\"><br \/>\n<\/span><span style=\"font-weight: 400;\"> \u2014 <\/span><i><span style=\"font-weight: 400;\">Jaci, gestora administrativa<\/span><\/i><\/p>\n<h2 style=\"text-align: justify;\"><b>O que esse caso revela sobre lideran\u00e7a de verdade<\/b><\/h2>\n<p style=\"text-align: justify;\"><span style=\"font-weight: 400;\">Este cap\u00edtulo n\u00e3o \u00e9 sobre n\u00fameros.<\/span><span style=\"font-weight: 400;\"><br \/>\n<\/span><span style=\"font-weight: 400;\">\u00c9 sobre <\/span><b>postura de CEO<\/b><span style=\"font-weight: 400;\">.<\/span><\/p>\n<p style=\"text-align: justify;\"><span style=\"font-weight: 400;\">Quando observo esse movimento como conselheira, a leitura \u00e9 clara:<\/span><\/p>\n<ul style=\"text-align: justify;\">\n<li style=\"font-weight: 400;\" aria-level=\"1\"><span style=\"font-weight: 400;\">o CEO assumiu postura de <\/span><b>l\u00edder estrat\u00e9gico<\/b><span style=\"font-weight: 400;\">, n\u00e3o de operador<\/span><\/li>\n<li style=\"font-weight: 400;\" aria-level=\"1\"><span style=\"font-weight: 400;\">houve maturidade para ouvir, ajustar e sustentar mudan\u00e7as<\/span><\/li>\n<li style=\"font-weight: 400;\" aria-level=\"1\"><span style=\"font-weight: 400;\">decis\u00f5es passaram a ser guiadas por vis\u00e3o, n\u00e3o por urg\u00eancia<\/span><\/li>\n<li style=\"font-weight: 400;\" aria-level=\"1\"><span style=\"font-weight: 400;\">a opera\u00e7\u00e3o come\u00e7ou a responder ao m\u00e9todo, n\u00e3o ao improviso<\/span><span style=\"font-weight: 400;\"><br \/>\n<\/span><\/li>\n<\/ul>\n<p style=\"text-align: justify;\"><span style=\"font-weight: 400;\">Isso \u00e9 o que diferencia empresas que crescem<\/span><span style=\"font-weight: 400;\"><br \/>\n<\/span><span style=\"font-weight: 400;\">de empresas que <\/span><b>se tornam refer\u00eancia regional<\/b><span style=\"font-weight: 400;\">.<\/span><\/p>\n<p style=\"text-align: justify;\"><span style=\"font-weight: 400;\">Esse \u00e9 o tipo de l\u00edder que:<\/span><\/p>\n<ul style=\"text-align: justify;\">\n<li style=\"font-weight: 400;\" aria-level=\"1\"><span style=\"font-weight: 400;\">n\u00e3o reage ao mercado<\/span><\/li>\n<li style=\"font-weight: 400;\" aria-level=\"1\"><span style=\"font-weight: 400;\">n\u00e3o copia concorrentes<\/span><\/li>\n<li style=\"font-weight: 400;\" aria-level=\"1\"><span style=\"font-weight: 400;\">n\u00e3o cresce por acaso<\/span><span style=\"font-weight: 400;\"><br \/>\n<\/span><\/li>\n<\/ul>\n<p style=\"text-align: justify;\"><span style=\"font-weight: 400;\">Ele <\/span><b>constr\u00f3i crescimento<\/b><span style=\"font-weight: 400;\">.<\/span><\/p>\n<p style=\"text-align: justify;\"><span style=\"font-weight: 400;\">E \u00e9 exatamente isso que diferencia o CEO do Hospital Oculare de muitas outras cl\u00ednicas do Oeste Paulista.<\/span><\/p>\n<h2 style=\"text-align: justify;\"><b>Conclus\u00e3o<\/b><\/h2>\n<p style=\"text-align: justify;\"><span style=\"font-weight: 400;\">Nem todo crescimento \u00e9 saud\u00e1vel.<\/span><span style=\"font-weight: 400;\"><br \/>\n<\/span><span style=\"font-weight: 400;\">Nem todo aumento de faturamento representa avan\u00e7o real.<\/span><\/p>\n<p style=\"text-align: justify;\"><span style=\"font-weight: 400;\">Mas quando um CEO decide <\/span><b>evoluir a forma de pensar, estruturar e operar<\/b><span style=\"font-weight: 400;\">,<\/span><span style=\"font-weight: 400;\"><br \/>\n<\/span><span style=\"font-weight: 400;\">o crescimento deixa de ser esfor\u00e7o \u2014 e passa a ser <\/span><b>consequ\u00eancia<\/b><span style=\"font-weight: 400;\">.<\/span><\/p>\n<p style=\"text-align: justify;\"><b>Enquanto termino este caf\u00e9, uma certeza se consolida:<\/b><\/p>\n<p style=\"text-align: justify;\"><span style=\"font-weight: 400;\">\u201cEmpresas fortes n\u00e3o nascem apenas de boas ideias, mas de l\u00edderes com vis\u00e3o de crescimento dispostos a atravessar a fase que muitos evitam. Quando um CEO enxerga a pr\u00f3xima etapa, ele aceita o custo da maturidade que ela exige. E, a partir da\u00ed, o resultado deixa de ser apenas faturamento, passa a ser legado empresarial.\u201d<\/span><\/p>\n<h3 style=\"text-align: justify;\"><b>Sobre a autora<\/b><\/h3>\n<p style=\"text-align: justify;\"><b>Luana Camelo<\/b><span style=\"font-weight: 400;\"> \u00e9 empres\u00e1ria, <\/span><b>Consigliera Estrat\u00e9gica de Neg\u00f3cios High Ticket <\/b><span style=\"font-weight: 400;\">e fundadora da <\/span><b>RAIGON<\/b><span style=\"font-weight: 400;\"> &#8212; \u201cThe Future of Smart Scaling for Visionary Businesses\u201d<\/span><\/p>\n<p style=\"text-align: justify;\"><span style=\"font-weight: 400;\">Empres\u00e1riaa, Consigliera Estrat\u00e9gica Global e fundadora da RAIGON \u2014 o ecossistema de inova\u00e7\u00e3o e alta tecnologia que conecta Dubai-Brasil.<\/span><\/p>\n<p style=\"text-align: justify;\"><span style=\"font-weight: 400;\">Luana atua diretamente com CEOs e l\u00edderes regionais e globais em decis\u00f5es estrat\u00e9gicas, estrutura\u00e7\u00e3o de opera\u00e7\u00f5es e transforma\u00e7\u00e3o do atendimento em ativo estrat\u00e9gico de valor.<\/span><\/p>\n<p style=\"text-align: justify;\"><span style=\"font-weight: 400;\">Seu trabalho est\u00e1 focado em apoiar l\u00edderes que desejam sair do \u201ccomum\u201d, ganhar previsibilidade e construir crescimento sustent\u00e1vel com vis\u00e3o de longo prazo.<\/span><\/p>\n<p style=\"text-align: justify;\"><span style=\"font-weight: 400;\">\ud83d\udcf2 Para informa\u00e7\u00f5es sobre <\/span><b>Mentoria Estrat\u00e9gica<\/b><span style=\"font-weight: 400;\"> e <\/span><b>Conselhos Privados<\/b><span style=\"font-weight: 400;\">, envie <\/span><b>\u201cMENTORIA\u201d<\/b><span style=\"font-weight: 400;\"> pelo WhatsApp<\/span><span style=\"font-weight: 400;\"><br \/>\n<\/span> <b>+55 62 98143-4285<\/b><\/p>\n<p style=\"text-align: justify;\"><span style=\"font-weight: 400;\">Apresentadora dos programas <\/span><i><span style=\"font-weight: 400;\">Papo Empreendedor<\/span><\/i><span style=\"font-weight: 400;\"> Band FM e BandNews TV, Luana direciona l\u00edderes e empreendedores a constru\u00edrem neg\u00f3cios de impacto com <\/span><b>sabedoria, prop\u00f3sito e performance global.<\/b><\/p>\n<p style=\"text-align: justify;\"><span style=\"font-weight: 400;\">\ud83d\udcf2 Instagram:<\/span><a href=\"https:\/\/www.instagram.com\/luanacamelo.ai\"> <span style=\"font-weight: 400;\">@luanacamelo.ai<\/span><\/a><span style=\"font-weight: 400;\">\u00a0<\/span><\/p>\n<p style=\"text-align: justify;\"><span style=\"font-weight: 400;\">\ud83d\udcbc Para saber mais sobre os <\/span><b>Programas de Mentoria e Mastermind<\/b><span style=\"font-weight: 400;\">, envie a palavra <\/span><b>\u201cPM1\u201d<\/b><span style=\"font-weight: 400;\"> no direct do Instagram<\/span><\/p>\n<p>&nbsp;<\/p>\n","protected":false},"excerpt":{"rendered":"<p>Di\u00e1rio Real de uma CEO &amp; Consigliera Estrat\u00e9gica Global. \u2615\u201cReflex\u00f5es que movem neg\u00f3cios, na\u00e7\u00f5es e mentes \u2014 escritas entre caf\u00e9s e vis\u00f5es\u201d Hoje escrevo a partir de uma reflex\u00e3o diferente das anteriores. N\u00e3o sobre teoria. N\u00e3o sobre tend\u00eancias globais. Mas sobre lideran\u00e7a aplicada, abrindo bastidores reais de um cliente que decidiu amadurecer e escalar sua [&hellip;]<\/p>\n","protected":false},"author":1,"featured_media":100322,"comment_status":"closed","ping_status":"open","sticky":false,"template":"","format":"standard","meta":{"footnotes":""},"categories":[175],"tags":[],"class_list":["post-100321","post","type-post","status-publish","format-standard","has-post-thumbnail","hentry","category-artigos"],"_links":{"self":[{"href":"https:\/\/jorgezanoni.com.br\/2019\/wp-json\/wp\/v2\/posts\/100321","targetHints":{"allow":["GET"]}}],"collection":[{"href":"https:\/\/jorgezanoni.com.br\/2019\/wp-json\/wp\/v2\/posts"}],"about":[{"href":"https:\/\/jorgezanoni.com.br\/2019\/wp-json\/wp\/v2\/types\/post"}],"author":[{"embeddable":true,"href":"https:\/\/jorgezanoni.com.br\/2019\/wp-json\/wp\/v2\/users\/1"}],"replies":[{"embeddable":true,"href":"https:\/\/jorgezanoni.com.br\/2019\/wp-json\/wp\/v2\/comments?post=100321"}],"version-history":[{"count":3,"href":"https:\/\/jorgezanoni.com.br\/2019\/wp-json\/wp\/v2\/posts\/100321\/revisions"}],"predecessor-version":[{"id":100325,"href":"https:\/\/jorgezanoni.com.br\/2019\/wp-json\/wp\/v2\/posts\/100321\/revisions\/100325"}],"wp:featuredmedia":[{"embeddable":true,"href":"https:\/\/jorgezanoni.com.br\/2019\/wp-json\/wp\/v2\/media\/100322"}],"wp:attachment":[{"href":"https:\/\/jorgezanoni.com.br\/2019\/wp-json\/wp\/v2\/media?parent=100321"}],"wp:term":[{"taxonomy":"category","embeddable":true,"href":"https:\/\/jorgezanoni.com.br\/2019\/wp-json\/wp\/v2\/categories?post=100321"},{"taxonomy":"post_tag","embeddable":true,"href":"https:\/\/jorgezanoni.com.br\/2019\/wp-json\/wp\/v2\/tags?post=100321"}],"curies":[{"name":"wp","href":"https:\/\/api.w.org\/{rel}","templated":true}]}}