{"id":100260,"date":"2025-12-21T12:58:49","date_gmt":"2025-12-21T12:58:49","guid":{"rendered":"https:\/\/jorgezanoni.com.br\/2019\/?p=100260"},"modified":"2025-12-21T12:58:49","modified_gmt":"2025-12-21T12:58:49","slug":"tragedia-em-dracena-duas-criancas-de-4-anos-morreram-afogadas-em-piscina","status":"publish","type":"post","link":"https:\/\/jorgezanoni.com.br\/2019\/tragedia-em-dracena-duas-criancas-de-4-anos-morreram-afogadas-em-piscina\/","title":{"rendered":"TRAG\u00c9DIA EM DRACENA: Duas crian\u00e7as de 4 anos morreram afogadas em piscina"},"content":{"rendered":"<div class=\"fauxcolumn-outer fauxcolumn-right-outer\">\n<div class=\"fauxborder-left\">\n<div class=\"fauxcolumn-inner\">\n<div id=\"post-body-2483024866743368959\" class=\"post-body entry-content\">Os irm\u00e3os Gael e Yasmin, ambos com quatro anos, morreram afogados na tarde de s\u00e1bado numa piscina na Avenida Rui Barbosa, sa\u00edda para Ouro Verde, pr\u00f3ximo do residencial S\u00e3o Carlos. As crian\u00e7as foram socorridas pelos familiares e depois pelo Corpo de Bombeiros at\u00e9 o Pronto Atendimento Municipal, com a constata\u00e7\u00e3o dos \u00f3bitos.<\/p>\n<div style=\"text-align: justify;\"><\/div>\n<div style=\"text-align: justify;\">Consta que s\u00e3o filhos do mesmo pai e nasceram em 2021. Uma das crian\u00e7as era de Panorama, onde residia com a m\u00e3e. A ocorr\u00eancia foi registrada no Plant\u00e3o Policial de Dracena.<\/div>\n<div style=\"text-align: justify;\"><\/div>\n<div style=\"text-align: justify;\">Aguarde informa\u00e7\u00f5es sobre vel\u00f3rio e sepultamento dos irm\u00e3os.<\/div>\n<div><\/div>\n<\/div>\n<div>Fonte: Bastidores da Not\u00edcia<\/div>\n<\/div>\n<\/div>\n<div><\/div>\n<\/div>\n","protected":false},"excerpt":{"rendered":"<p>Os irm\u00e3os Gael e Yasmin, ambos com quatro anos, morreram afogados na tarde de s\u00e1bado numa piscina na Avenida Rui Barbosa, sa\u00edda para Ouro Verde, pr\u00f3ximo do residencial S\u00e3o Carlos. As crian\u00e7as foram socorridas pelos familiares e depois pelo Corpo de Bombeiros at\u00e9 o Pronto Atendimento Municipal, com a constata\u00e7\u00e3o dos \u00f3bitos. Consta que s\u00e3o [&hellip;]<\/p>\n","protected":false},"author":1,"featured_media":100261,"comment_status":"closed","ping_status":"open","sticky":false,"template":"","format":"standard","meta":{"footnotes":""},"categories":[110,2],"tags":[],"class_list":["post-100260","post","type-post","status-publish","format-standard","has-post-thumbnail","hentry","category-noticiasdestaque","category-policial"],"_links":{"self":[{"href":"https:\/\/jorgezanoni.com.br\/2019\/wp-json\/wp\/v2\/posts\/100260","targetHints":{"allow":["GET"]}}],"collection":[{"href":"https:\/\/jorgezanoni.com.br\/2019\/wp-json\/wp\/v2\/posts"}],"about":[{"href":"https:\/\/jorgezanoni.com.br\/2019\/wp-json\/wp\/v2\/types\/post"}],"author":[{"embeddable":true,"href":"https:\/\/jorgezanoni.com.br\/2019\/wp-json\/wp\/v2\/users\/1"}],"replies":[{"embeddable":true,"href":"https:\/\/jorgezanoni.com.br\/2019\/wp-json\/wp\/v2\/comments?post=100260"}],"version-history":[{"count":1,"href":"https:\/\/jorgezanoni.com.br\/2019\/wp-json\/wp\/v2\/posts\/100260\/revisions"}],"predecessor-version":[{"id":100262,"href":"https:\/\/jorgezanoni.com.br\/2019\/wp-json\/wp\/v2\/posts\/100260\/revisions\/100262"}],"wp:featuredmedia":[{"embeddable":true,"href":"https:\/\/jorgezanoni.com.br\/2019\/wp-json\/wp\/v2\/media\/100261"}],"wp:attachment":[{"href":"https:\/\/jorgezanoni.com.br\/2019\/wp-json\/wp\/v2\/media?parent=100260"}],"wp:term":[{"taxonomy":"category","embeddable":true,"href":"https:\/\/jorgezanoni.com.br\/2019\/wp-json\/wp\/v2\/categories?post=100260"},{"taxonomy":"post_tag","embeddable":true,"href":"https:\/\/jorgezanoni.com.br\/2019\/wp-json\/wp\/v2\/tags?post=100260"}],"curies":[{"name":"wp","href":"https:\/\/api.w.org\/{rel}","templated":true}]}}