{"id":10026,"date":"2019-10-31T00:17:33","date_gmt":"2019-10-31T00:17:33","guid":{"rendered":"https:\/\/jorgezanoni.com.br\/2019\/?p=10026"},"modified":"2019-10-31T00:17:33","modified_gmt":"2019-10-31T00:17:33","slug":"hoje-e-dia-do-comerciario-e-o-site-jz-entrevistou-sergio-manoel","status":"publish","type":"post","link":"https:\/\/jorgezanoni.com.br\/2019\/hoje-e-dia-do-comerciario-e-o-site-jz-entrevistou-sergio-manoel\/","title":{"rendered":"Hoje \u00e9 dia do Comerci\u00e1rio e o Site JZ entrevistou S\u00e9rgio Manoel"},"content":{"rendered":"<div class=\"col-xs-12 col-sm-8 holiday-detail-box\">\n<h1 style=\"text-align: justify;\"><strong>Neste dia 30 de outubro comemora-se o &#8220;DIA DO COMERCI\u00c1RIO&#8221; e o Site JZ entrevistou o Presidente do Sindicato dos Comerci\u00e1rios de Dracena, S\u00e9rgio Manoel. (veja o v\u00eddeo)<\/strong><\/h1>\n<div id=\"fb-root\"><\/div>\n<p><script async=\"1\" defer=\"1\" crossorigin=\"anonymous\" src=\"https:\/\/connect.facebook.net\/en_US\/sdk.js#xfbml=1&amp;version=v5.0\"><\/script><\/p>\n<div class=\"fb-video\" data-href=\"https:\/\/www.facebook.com\/jorgezanonidracena\/videos\/1251062155080395\/\" data-width=\"696\">\n<blockquote cite=\"https:\/\/www.facebook.com\/jorgezanonidracena\/videos\/1251062155080395\/\" class=\"fb-xfbml-parse-ignore\"><p><a href=\"https:\/\/www.facebook.com\/jorgezanonidracena\/videos\/1251062155080395\/\">Hoje \u00e9 &quot;Dia do Comerci\u00e1rio&quot; e o Site JZ entrevistou S\u00e9rgio Manoel Presidente do Sindicato dos Comerci\u00e1rios de Dracena. 30\/10\/19<\/a><\/p>\n<p>Hoje \u00e9 &quot;Dia do Comerci\u00e1rio&quot; e o Site JZ entrevistou S\u00e9rgio Manoel Presidente do Sindicato dos Comerci\u00e1rios de Dracena. 30\/10\/19<\/p>\n<p>Posted by <a href=\"https:\/\/www.facebook.com\/jorgezanonidracena\/\">Jorge Zanoni<\/a> on Wednesday, October 30, 2019<\/p><\/blockquote>\n<\/div>\n<h1 style=\"text-align: justify;\">Dia do Comerci\u00e1rio<\/h1>\n<\/div>\n<div class=\"col-sm-8 list-holiday-box\">\n<div class=\"next-holiday-box\" style=\"text-align: justify;\">O <strong>Dia do Comerci\u00e1rio<\/strong>\u00a0ou\u00a0<strong>Dia do Com\u00e9rcio<\/strong>\u00a0\u00e9 celebrado anualmente em\u00a0<strong>30 de outubro<\/strong>\u00a0no Brasil.<\/div>\n<div id=\"sg-social-share-content\" class=\"holiday-content\">\n<p style=\"text-align: justify;\">Oficialmente, esta data foi institu\u00edda a partir do decreto de lei n\u00ba 12.790, de 14 de mar\u00e7o de 2013, e \u00e9 considerada uma vit\u00f3ria hist\u00f3rica da classe dos comerciantes por melhores condi\u00e7\u00f5es de trabalho.<\/p>\n<p style=\"text-align: justify;\">Em alguns estados brasileiros, o\u00a0<strong>Dia do Comerci\u00e1rio \u00e9 feriado estadual para os trabalhadores do com\u00e9rcio<\/strong>. No Rio de Janeiro, por exemplo, a 3\u00aa segunda-feira de outubro \u00e9 considerada Dia do Com\u00e9rcio, e logo, feriado para quem trabalha nesse setor.<\/p>\n<h2 style=\"text-align: justify;\">Origem do Dia do Comerci\u00e1rio<\/h2>\n<p style=\"text-align: justify;\">Para compreendermos as origens do Dia do Comerci\u00e1rio, precisamos voltar para o in\u00edcio do s\u00e9culo XX. Naquela \u00e9poca, as condi\u00e7\u00f5es de trabalho para os comerciantes eram completamente abusivas. Os trabalhadores faziam jornadas de 12 horas por dia, sem feriados ou mesmo folgas aos domingos.<\/p>\n<p style=\"text-align: justify;\">Os &#8220;caixeiros&#8221;, como eram conhecidos os comerciantes neste per\u00edodo, n\u00e3o aguentavam mais as amea\u00e7as e o sistema de quase escravid\u00e3o a que eram submetidos. Come\u00e7aram a criar pequenos grupos e associa\u00e7\u00f5es de apoio, que acabariam por se tornar os atuais Sindicatos Trabalhistas.<\/p>\n<p style=\"text-align: justify;\">As manifesta\u00e7\u00f5es e associa\u00e7\u00f5es come\u00e7aram a se espalhar por todos os estados do pa\u00eds.<\/p>\n<p style=\"text-align: justify;\">No dia\u00a0<strong>29 de outubro de 1932<\/strong>\u00a0houve uma grande manifesta\u00e7\u00e3o na cidade do Rio de Janeiro (RJ), com mais de 5 mil comerci\u00e1rios marchando em dire\u00e7\u00e3o ao Pal\u00e1cio do Governo (Pal\u00e1cio do Catete).<\/p>\n<p style=\"text-align: justify;\">Os manifestantes foram recebidos pelo Presidente Get\u00falio Vargas, que aceitou as reivindica\u00e7\u00f5es dos trabalhadores e assinou o\u00a0<strong>Decreto de Lei n\u00ba 4.042, de 29 de outubro de 1932<\/strong>, determinando a jornada de trabalho para 8 horas por dia e o repouso remunerado aos domingos para todos os comerciantes.<\/p>\n<p style=\"text-align: justify;\">A Lei foi publicada no Di\u00e1rio Oficial da Uni\u00e3o no dia 30 de outubro de 1932, sendo esta data reconhecida pela presidente Dilma Rousseff, em 2013, como o Dia Oficial do Comerci\u00e1rio.<\/p>\n<\/div>\n<\/div>\n","protected":false},"excerpt":{"rendered":"<p>Neste dia 30 de outubro comemora-se o &#8220;DIA DO COMERCI\u00c1RIO&#8221; e o Site JZ entrevistou o Presidente do Sindicato dos Comerci\u00e1rios de Dracena, S\u00e9rgio Manoel. (veja o v\u00eddeo) Hoje \u00e9 &quot;Dia do Comerci\u00e1rio&quot; e o Site JZ entrevistou S\u00e9rgio Manoel Presidente do Sindicato dos Comerci\u00e1rios de Dracena. 30\/10\/19 Hoje \u00e9 &quot;Dia do Comerci\u00e1rio&quot; e o [&hellip;]<\/p>\n","protected":false},"author":1,"featured_media":10027,"comment_status":"closed","ping_status":"open","sticky":false,"template":"","format":"video","meta":{"footnotes":""},"categories":[169],"tags":[],"class_list":["post-10026","post","type-post","status-publish","format-video","has-post-thumbnail","hentry","category-videos","post_format-post-format-video"],"_links":{"self":[{"href":"https:\/\/jorgezanoni.com.br\/2019\/wp-json\/wp\/v2\/posts\/10026","targetHints":{"allow":["GET"]}}],"collection":[{"href":"https:\/\/jorgezanoni.com.br\/2019\/wp-json\/wp\/v2\/posts"}],"about":[{"href":"https:\/\/jorgezanoni.com.br\/2019\/wp-json\/wp\/v2\/types\/post"}],"author":[{"embeddable":true,"href":"https:\/\/jorgezanoni.com.br\/2019\/wp-json\/wp\/v2\/users\/1"}],"replies":[{"embeddable":true,"href":"https:\/\/jorgezanoni.com.br\/2019\/wp-json\/wp\/v2\/comments?post=10026"}],"version-history":[{"count":0,"href":"https:\/\/jorgezanoni.com.br\/2019\/wp-json\/wp\/v2\/posts\/10026\/revisions"}],"wp:featuredmedia":[{"embeddable":true,"href":"https:\/\/jorgezanoni.com.br\/2019\/wp-json\/wp\/v2\/media\/10027"}],"wp:attachment":[{"href":"https:\/\/jorgezanoni.com.br\/2019\/wp-json\/wp\/v2\/media?parent=10026"}],"wp:term":[{"taxonomy":"category","embeddable":true,"href":"https:\/\/jorgezanoni.com.br\/2019\/wp-json\/wp\/v2\/categories?post=10026"},{"taxonomy":"post_tag","embeddable":true,"href":"https:\/\/jorgezanoni.com.br\/2019\/wp-json\/wp\/v2\/tags?post=10026"}],"curies":[{"name":"wp","href":"https:\/\/api.w.org\/{rel}","templated":true}]}}