{"id":10022,"date":"2019-10-30T20:56:30","date_gmt":"2019-10-30T20:56:30","guid":{"rendered":"https:\/\/jorgezanoni.com.br\/2019\/?p=10022"},"modified":"2019-10-30T20:56:30","modified_gmt":"2019-10-30T20:56:30","slug":"morre-joaquim-arildo-luiz-da-silva","status":"publish","type":"post","link":"https:\/\/jorgezanoni.com.br\/2019\/morre-joaquim-arildo-luiz-da-silva\/","title":{"rendered":"Morre Joaquim Arildo Luiz da Silva"},"content":{"rendered":"<div style=\"text-align: justify;\">Faleceu nesta quarta-feira, o sr. Joaquim Arildo Luiz da Silva aos 67 anos. \u00c9 pai <span id=\"fbPhotoSnowliftCaption\" class=\"fbPhotosPhotoCaption\" tabindex=\"0\" aria-live=\"polite\" data-ft=\"{&quot;tn&quot;:&quot;K&quot;}\"><span class=\"hasCaption\">pai dos ex-jogadores Adriano Gerlin &#8220;Codorninha&#8221; e Juliano &#8220;Tico&#8221; e do empres\u00e1rio Luciano (Luciano Turismo). Deixa a esposa Cerenilda, noras e netos.<\/span><\/span><\/div>\n<div style=\"text-align: justify;\"><\/div>\n<div style=\"text-align: justify;\">Seu corpo ser\u00e1 velado no Memorial Vida Prev e o sepultamento ocorre amanh\u00e3 (31) \u00e0s 10:00 Horas.<\/div>\n<div class=\"_xlr\">\n<div id=\"fbPhotoSnowliftComputerVisionAnnotation\" class=\"fbPhotosPhotoCVAnnotation\"><\/div>\n<\/div>\n<div id=\"fbPhotoSnowliftVideoFundraiser\"><img loading=\"lazy\" decoding=\"async\" class=\"alignnone size-full wp-image-10023\" src=\"https:\/\/jorgezanoni.com.br\/2019\/wp-content\/uploads\/2019\/10\/Joaquim-Arildo-da-Silva.jpg\" alt=\"\" width=\"818\" height=\"450\" srcset=\"https:\/\/jorgezanoni.com.br\/2019\/wp-content\/uploads\/2019\/10\/Joaquim-Arildo-da-Silva.jpg 818w, https:\/\/jorgezanoni.com.br\/2019\/wp-content\/uploads\/2019\/10\/Joaquim-Arildo-da-Silva-300x165.jpg 300w, https:\/\/jorgezanoni.com.br\/2019\/wp-content\/uploads\/2019\/10\/Joaquim-Arildo-da-Silva-768x422.jpg 768w, https:\/\/jorgezanoni.com.br\/2019\/wp-content\/uploads\/2019\/10\/Joaquim-Arildo-da-Silva-696x383.jpg 696w, https:\/\/jorgezanoni.com.br\/2019\/wp-content\/uploads\/2019\/10\/Joaquim-Arildo-da-Silva-763x420.jpg 763w\" sizes=\"auto, (max-width: 818px) 100vw, 818px\" \/><\/div>\n<div><\/div>\n<div>O Site JZ se solidariza com a fam\u00edlia neste momento de dor pela perda de pessoa t\u00e3o querida.<\/div>\n<div><\/div>\n<div>Jorge Zanoni<\/div>\n<div id=\"fbPhotoSnowliftViews\" class=\"_4p3v\"><\/div>\n<form id=\"u_i_2\" class=\"fbPhotosSnowliftFeedbackForm commentable_item collapsible_comments\" action=\"https:\/\/www.facebook.com\/ajax\/ufi\/modify.php\" method=\"post\" data-ft=\"{&quot;tn&quot;:&quot;]&quot;}\">\n<div id=\"fbPhotoSnowliftFeedback\" class=\"fbPhotosSnowliftFeedback\"><\/div>\n<div>\n<div>\n<div class=\"_6iib\" data-testid=\"fbSnowliftUFI\/feedbackSummary\">\n<div class=\"_6iic\">\n<div class=\"_6iid\"><\/div>\n<\/div>\n<\/div>\n<\/div>\n<\/div>\n<\/form>\n","protected":false},"excerpt":{"rendered":"<p>Faleceu nesta quarta-feira, o sr. Joaquim Arildo Luiz da Silva aos 67 anos. \u00c9 pai pai dos ex-jogadores Adriano Gerlin &#8220;Codorninha&#8221; e Juliano &#8220;Tico&#8221; e do empres\u00e1rio Luciano (Luciano Turismo). Deixa a esposa Cerenilda, noras e netos. Seu corpo ser\u00e1 velado no Memorial Vida Prev e o sepultamento ocorre amanh\u00e3 (31) \u00e0s 10:00 Horas. O [&hellip;]<\/p>\n","protected":false},"author":1,"featured_media":10024,"comment_status":"closed","ping_status":"open","sticky":false,"template":"","format":"standard","meta":{"footnotes":""},"categories":[178,110],"tags":[],"class_list":["post-10022","post","type-post","status-publish","format-standard","has-post-thumbnail","hentry","category-notadefalecimento","category-noticiasdestaque"],"_links":{"self":[{"href":"https:\/\/jorgezanoni.com.br\/2019\/wp-json\/wp\/v2\/posts\/10022","targetHints":{"allow":["GET"]}}],"collection":[{"href":"https:\/\/jorgezanoni.com.br\/2019\/wp-json\/wp\/v2\/posts"}],"about":[{"href":"https:\/\/jorgezanoni.com.br\/2019\/wp-json\/wp\/v2\/types\/post"}],"author":[{"embeddable":true,"href":"https:\/\/jorgezanoni.com.br\/2019\/wp-json\/wp\/v2\/users\/1"}],"replies":[{"embeddable":true,"href":"https:\/\/jorgezanoni.com.br\/2019\/wp-json\/wp\/v2\/comments?post=10022"}],"version-history":[{"count":0,"href":"https:\/\/jorgezanoni.com.br\/2019\/wp-json\/wp\/v2\/posts\/10022\/revisions"}],"wp:featuredmedia":[{"embeddable":true,"href":"https:\/\/jorgezanoni.com.br\/2019\/wp-json\/wp\/v2\/media\/10024"}],"wp:attachment":[{"href":"https:\/\/jorgezanoni.com.br\/2019\/wp-json\/wp\/v2\/media?parent=10022"}],"wp:term":[{"taxonomy":"category","embeddable":true,"href":"https:\/\/jorgezanoni.com.br\/2019\/wp-json\/wp\/v2\/categories?post=10022"},{"taxonomy":"post_tag","embeddable":true,"href":"https:\/\/jorgezanoni.com.br\/2019\/wp-json\/wp\/v2\/tags?post=10022"}],"curies":[{"name":"wp","href":"https:\/\/api.w.org\/{rel}","templated":true}]}}