{"id":100147,"date":"2025-12-13T17:40:08","date_gmt":"2025-12-13T17:40:08","guid":{"rendered":"https:\/\/jorgezanoni.com.br\/2019\/?p=100147"},"modified":"2025-12-13T17:40:08","modified_gmt":"2025-12-13T17:40:08","slug":"policias-civil-e-militar-prendem-investigado-por-posse-ilegal-de-municoes-e-receptacao-de-produtos-de-origem-ilicita-em-dracena","status":"publish","type":"post","link":"https:\/\/jorgezanoni.com.br\/2019\/policias-civil-e-militar-prendem-investigado-por-posse-ilegal-de-municoes-e-receptacao-de-produtos-de-origem-ilicita-em-dracena\/","title":{"rendered":"Pol\u00edcias Civil e Militar prendem investigado por posse ilegal de muni\u00e7\u00f5es e recepta\u00e7\u00e3o de produtos de origem il\u00edcita em Dracena"},"content":{"rendered":"<p style=\"text-align: justify;\"><strong>Mandado de busca e apreens\u00e3o revela grande quantidade de materiais suspeitos; investiga\u00e7\u00e3o apura poss\u00edvel com\u00e9rcio de drogas e troca de entorpecentes por objetos furtados.<\/strong><\/p>\n<p style=\"text-align: justify;\">A Pol\u00edcia Civil do Estado de S\u00e3o Paulo (PCSP), por interm\u00e9dio das Unidades Especializadas \u2013 Delegacia de Investiga\u00e7\u00f5es Gerais (DIG) e Delegacia de Investiga\u00e7\u00f5es sobre Entorpecentes (DISE) de Dracena \u2013, em a\u00e7\u00e3o integrada com a Pol\u00edcia Militar, por meio das equipes da ROCAM e do Canil, prendeu em flagrante nesta sexta-feira (12) um homem de 27 anos, morador do Jardim \u00c9den. Ele \u00e9 investigado por posse ilegal de muni\u00e7\u00f5es, recepta\u00e7\u00e3o de materiais de proced\u00eancia duvidosa e suspeito de envolvimento com o com\u00e9rcio de drogas, utilizando objetos furtados como forma de permuta pelos entorpecentes.<\/p>\n<p style=\"text-align: justify;\">A a\u00e7\u00e3o foi desencadeada durante cumprimento de mandado de busca e apreens\u00e3o domiciliar expedido pela Vara Regional das Garantias da 5\u00aa RAJ \u2013 Presidente Prudente, no curso de inqu\u00e9rito policial que investiga den\u00fancias de que o suspeito realizava tr\u00e1fico de drogas e recebia em troca diversos bens de origem il\u00edcita, especialmente materiais subtra\u00eddos em furtos residenciais. Parte desses objetos estaria sendo encoberta pelo suposto ponto informal de compra de materiais recicl\u00e1veis mantido pelo investigado no terreno vizinho \u00e0 sua resid\u00eancia.<\/p>\n<p style=\"text-align: justify;\">Durante as dilig\u00eancias, as equipes localizaram significativa quantidade de fia\u00e7\u00e3o de cobre e alum\u00ednio, grande parte queimada, m\u00e9todo comumente utilizado por autores de furto para facilitar a revenda, al\u00e9m de torneiras, ferramentas, furadeiras el\u00e9tricas, serras, parafusadeiras, tomadas com sensor inteligente e outros objetos repetidos do mesmo modelo, refor\u00e7ando a suspeita de recepta\u00e7\u00e3o.<\/p>\n<p style=\"text-align: justify;\">Entre os materiais apreendidos, alguns j\u00e1 foram reconhecidos por v\u00edtimas de furtos ocorridos na regi\u00e3o. Uma das v\u00edtimas identificou como de sua propriedade tomadas inteligentes encontradas na resid\u00eancia do investigado. Outra v\u00edtima reconheceu uma escada de alum\u00ednio, tamb\u00e9m subtra\u00edda de seu im\u00f3vel em ocorr\u00eancia anteriormente registrada.<\/p>\n<p style=\"text-align: justify;\">No interior da casa, foram apreendidos ainda R$ 1.250,00 em esp\u00e9cie. No ve\u00edculo do suspeito, estacionado em via p\u00fablica, a Pol\u00edcia localizou e apreendeu dois cartuchos de muni\u00e7\u00e3o calibre .22.<\/p>\n<p style=\"text-align: justify;\">O investigado confirmou que adquiria objetos de terceiros sem qualquer controle ou documenta\u00e7\u00e3o comprobat\u00f3ria. Apesar das suspeitas relacionadas ao tr\u00e1fico de drogas, durante as buscas n\u00e3o foram localizados entorpecentes nem arma de fogo.<\/p>\n<p style=\"text-align: justify;\">Todo o material apreendido foi catalogado e apresentado no auto de exibi\u00e7\u00e3o e apreens\u00e3o, prosseguindo as investiga\u00e7\u00f5es para identifica\u00e7\u00e3o de outras poss\u00edveis v\u00edtimas.<\/p>\n<p style=\"text-align: justify;\">O homem permaneceu preso em flagrante e ser\u00e1 apresentado neste s\u00e1bado (13) em audi\u00eancia de cust\u00f3dia. Caso haja a convers\u00e3o da pris\u00e3o em preventiva, ele ser\u00e1 encaminhado ao sistema penitenci\u00e1rio, permanecendo \u00e0 disposi\u00e7\u00e3o da Justi\u00e7a.<\/p>\n<p style=\"text-align: justify;\">A opera\u00e7\u00e3o refor\u00e7a o compromisso da Pol\u00edcia Civil e da Pol\u00edcia Militar com o combate qualificado ao tr\u00e1fico de drogas, \u00e0 recepta\u00e7\u00e3o, aos crimes patrimoniais e \u00e0 prote\u00e7\u00e3o da ordem p\u00fablica, fortalecendo o trabalho integrado das for\u00e7as de seguran\u00e7a na regi\u00e3o de Dracena.<\/p>\n<p style=\"text-align: justify;\">Na manh\u00e3 deste s\u00e1bado, a\u00a0Justi\u00e7a converteu a pris\u00e3o em flagrante do suspeito em pris\u00e3o preventiva, ap\u00f3s a audi\u00eancia de cust\u00f3dia realizada hoje.<\/p>\n<p><img loading=\"lazy\" decoding=\"async\" class=\"alignnone size-full wp-image-100154\" src=\"https:\/\/jorgezanoni.com.br\/2019\/wp-content\/uploads\/2025\/12\/pc2-Pequeno.jpg\" alt=\"\" width=\"270\" height=\"480\" srcset=\"https:\/\/jorgezanoni.com.br\/2019\/wp-content\/uploads\/2025\/12\/pc2-Pequeno.jpg 270w, https:\/\/jorgezanoni.com.br\/2019\/wp-content\/uploads\/2025\/12\/pc2-Pequeno-169x300.jpg 169w, https:\/\/jorgezanoni.com.br\/2019\/wp-content\/uploads\/2025\/12\/pc2-Pequeno-236x420.jpg 236w\" sizes=\"auto, (max-width: 270px) 100vw, 270px\" \/><img loading=\"lazy\" decoding=\"async\" class=\"alignnone size-full wp-image-100155\" src=\"https:\/\/jorgezanoni.com.br\/2019\/wp-content\/uploads\/2025\/12\/pc3-Pequeno.jpg\" alt=\"\" width=\"270\" height=\"480\" srcset=\"https:\/\/jorgezanoni.com.br\/2019\/wp-content\/uploads\/2025\/12\/pc3-Pequeno.jpg 270w, https:\/\/jorgezanoni.com.br\/2019\/wp-content\/uploads\/2025\/12\/pc3-Pequeno-169x300.jpg 169w, https:\/\/jorgezanoni.com.br\/2019\/wp-content\/uploads\/2025\/12\/pc3-Pequeno-236x420.jpg 236w\" sizes=\"auto, (max-width: 270px) 100vw, 270px\" \/><img loading=\"lazy\" decoding=\"async\" class=\"alignnone size-full wp-image-100149\" src=\"https:\/\/jorgezanoni.com.br\/2019\/wp-content\/uploads\/2025\/12\/pc1-Pequeno.jpg\" alt=\"\" width=\"802\" height=\"480\" srcset=\"https:\/\/jorgezanoni.com.br\/2019\/wp-content\/uploads\/2025\/12\/pc1-Pequeno.jpg 802w, https:\/\/jorgezanoni.com.br\/2019\/wp-content\/uploads\/2025\/12\/pc1-Pequeno-300x180.jpg 300w, https:\/\/jorgezanoni.com.br\/2019\/wp-content\/uploads\/2025\/12\/pc1-Pequeno-768x460.jpg 768w, https:\/\/jorgezanoni.com.br\/2019\/wp-content\/uploads\/2025\/12\/pc1-Pequeno-696x417.jpg 696w, https:\/\/jorgezanoni.com.br\/2019\/wp-content\/uploads\/2025\/12\/pc1-Pequeno-702x420.jpg 702w\" sizes=\"auto, (max-width: 802px) 100vw, 802px\" \/><img loading=\"lazy\" decoding=\"async\" class=\"alignnone size-full wp-image-100158\" src=\"https:\/\/jorgezanoni.com.br\/2019\/wp-content\/uploads\/2025\/12\/pc-Pequeno-1-1.jpg\" alt=\"\" width=\"698\" height=\"330\" srcset=\"https:\/\/jorgezanoni.com.br\/2019\/wp-content\/uploads\/2025\/12\/pc-Pequeno-1-1.jpg 698w, https:\/\/jorgezanoni.com.br\/2019\/wp-content\/uploads\/2025\/12\/pc-Pequeno-1-1-300x142.jpg 300w, https:\/\/jorgezanoni.com.br\/2019\/wp-content\/uploads\/2025\/12\/pc-Pequeno-1-1-696x330.jpg 696w\" sizes=\"auto, (max-width: 698px) 100vw, 698px\" \/>Fonte: Comunica\u00e7\u00e3o Social Pol\u00edcia Civil<\/p>\n","protected":false},"excerpt":{"rendered":"<p>Mandado de busca e apreens\u00e3o revela grande quantidade de materiais suspeitos; investiga\u00e7\u00e3o apura poss\u00edvel com\u00e9rcio de drogas e troca de entorpecentes por objetos furtados. A Pol\u00edcia Civil do Estado de S\u00e3o Paulo (PCSP), por interm\u00e9dio das Unidades Especializadas \u2013 Delegacia de Investiga\u00e7\u00f5es Gerais (DIG) e Delegacia de Investiga\u00e7\u00f5es sobre Entorpecentes (DISE) de Dracena \u2013, em [&hellip;]<\/p>\n","protected":false},"author":1,"featured_media":100159,"comment_status":"closed","ping_status":"open","sticky":false,"template":"","format":"standard","meta":{"footnotes":""},"categories":[110,2],"tags":[],"class_list":["post-100147","post","type-post","status-publish","format-standard","has-post-thumbnail","hentry","category-noticiasdestaque","category-policial"],"_links":{"self":[{"href":"https:\/\/jorgezanoni.com.br\/2019\/wp-json\/wp\/v2\/posts\/100147","targetHints":{"allow":["GET"]}}],"collection":[{"href":"https:\/\/jorgezanoni.com.br\/2019\/wp-json\/wp\/v2\/posts"}],"about":[{"href":"https:\/\/jorgezanoni.com.br\/2019\/wp-json\/wp\/v2\/types\/post"}],"author":[{"embeddable":true,"href":"https:\/\/jorgezanoni.com.br\/2019\/wp-json\/wp\/v2\/users\/1"}],"replies":[{"embeddable":true,"href":"https:\/\/jorgezanoni.com.br\/2019\/wp-json\/wp\/v2\/comments?post=100147"}],"version-history":[{"count":1,"href":"https:\/\/jorgezanoni.com.br\/2019\/wp-json\/wp\/v2\/posts\/100147\/revisions"}],"predecessor-version":[{"id":100160,"href":"https:\/\/jorgezanoni.com.br\/2019\/wp-json\/wp\/v2\/posts\/100147\/revisions\/100160"}],"wp:featuredmedia":[{"embeddable":true,"href":"https:\/\/jorgezanoni.com.br\/2019\/wp-json\/wp\/v2\/media\/100159"}],"wp:attachment":[{"href":"https:\/\/jorgezanoni.com.br\/2019\/wp-json\/wp\/v2\/media?parent=100147"}],"wp:term":[{"taxonomy":"category","embeddable":true,"href":"https:\/\/jorgezanoni.com.br\/2019\/wp-json\/wp\/v2\/categories?post=100147"},{"taxonomy":"post_tag","embeddable":true,"href":"https:\/\/jorgezanoni.com.br\/2019\/wp-json\/wp\/v2\/tags?post=100147"}],"curies":[{"name":"wp","href":"https:\/\/api.w.org\/{rel}","templated":true}]}}