{"id":10014,"date":"2019-10-30T16:14:55","date_gmt":"2019-10-30T16:14:55","guid":{"rendered":"https:\/\/jorgezanoni.com.br\/2019\/?p=10014"},"modified":"2019-10-30T16:14:55","modified_gmt":"2019-10-30T16:14:55","slug":"concursos-publicos-e-processos-seletivos-visam-contratar-profissionais-para-as-areas-da-educacao-e-da-saude","status":"publish","type":"post","link":"https:\/\/jorgezanoni.com.br\/2019\/concursos-publicos-e-processos-seletivos-visam-contratar-profissionais-para-as-areas-da-educacao-e-da-saude\/","title":{"rendered":"Concursos p\u00fablicos e processos seletivos visam contratar profissionais para as \u00e1reas da educa\u00e7\u00e3o e da sa\u00fade"},"content":{"rendered":"<h2 class=\"content-head__subtitle\" style=\"text-align: justify;\"><strong>Jornadas de trabalho, os benef\u00edcios, as fun\u00e7\u00f5es e os sal\u00e1rios variam de acordo com o cargo pretendido.<\/strong><\/h2>\n<div class=\"mc-column content-text active-extra-styles \" style=\"text-align: justify;\" data-block-type=\"unstyled\" data-block-weight=\"26\" data-block-id=\"2\">\n<p class=\"content-text__container \" data-track-category=\"Link no Texto\" data-track-links=\"\">Nesta semana, diversos concursos p\u00fablicos e processos seletivos est\u00e3o com inscri\u00e7\u00f5es abertas no Oeste Paulista voltados ao preenchimento de vagas e \u00e0 forma\u00e7\u00e3o de cadastro reserva.<\/p>\n<\/div>\n<div class=\"wall protected-content\">\n<div class=\"mc-column content-text active-extra-styles \" style=\"text-align: justify;\" data-block-type=\"unstyled\" data-block-weight=\"18\" data-block-id=\"3\">\n<p class=\"content-text__container \" data-track-category=\"Link no Texto\" data-track-links=\"\">As jornadas de trabalho, os benef\u00edcios, as fun\u00e7\u00f5es e os sal\u00e1rios variam de acordo com o cargo pretendido.<\/p>\n<\/div>\n<div class=\"mc-column content-text active-extra-styles \" style=\"text-align: justify;\" data-block-type=\"unstyled\" data-block-weight=\"3\" data-block-id=\"4\">\n<p class=\"content-text__container \" data-track-category=\"Link no Texto\" data-track-links=\"\">Confira as oportunidades:<\/p>\n<\/div>\n<div class=\"mc-column content-text active-extra-styles\" style=\"text-align: justify;\" data-block-type=\"raw\" data-block-weight=\"2\" data-block-id=\"5\">\n<div class=\"content-intertitle\">\n<h2>Presidente Prudente<\/h2>\n<\/div>\n<\/div>\n<div class=\"mc-column content-text active-extra-styles \" style=\"text-align: justify;\" data-block-type=\"unstyled\" data-block-weight=\"33\" data-block-id=\"6\">\n<p class=\"content-text__container \" data-track-category=\"Link no Texto\" data-track-links=\"\">Acabam nesta quarta-feira (30) as inscri\u00e7\u00f5es para os processos seletivos da Escola T\u00e9cnica Estadual (Etec) \u201cProfessor Adolpho Arruda Mello\u201d, de Presidente Prudente. Os quatro certames visam contratar professores de ensinos m\u00e9dio e t\u00e9cnico.<\/p>\n<\/div>\n<div class=\"mc-column content-text active-extra-styles \" style=\"text-align: justify;\" data-block-type=\"unstyled\" data-block-weight=\"20\" data-block-id=\"7\">\n<p class=\"content-text__container \" data-track-category=\"Link no Texto\" data-track-links=\"\">Os editais est\u00e3o dispon\u00edveis no\u00a0<a href=\"https:\/\/www.imprensaoficial.com.br\/#\" target=\"_blank\" rel=\"noopener noreferrer\">Di\u00e1rio Oficial do Estado de S\u00e3o Paulo<\/a>, edi\u00e7\u00e3o de 11 de outubro de 2019.<\/p>\n<\/div>\n<div class=\"mc-column content-text active-extra-styles\" style=\"text-align: justify;\" data-block-type=\"raw\" data-block-weight=\"79\" data-block-id=\"9\">\n<ul class=\"content-unordered-list\">\n<li>Edital N\u00ba 252\/03\/2019: \u00c9 voltado aos profissionais de hist\u00f3ria, nos cursos de base nacional comum\/Etim\/MTec\/ administra\u00e7\u00e3o integrado ao ensino m\u00e9dio (Etim\/Mtec).<\/li>\n<li>Edital n\u00ba 252\/04\/2019: L\u00edngua Estrangeira Moderna \u2013 Ingl\u00eas, nos cursos de Base Nacional Comum\/ ETIM \/ MTec\/ Administra\u00e7\u00e3o Integrado ao Ensino M\u00e9dio (ETIM \/ Mtec).<\/li>\n<li>Edital n\u00ba 252\/05\/2019: F\u00edsica nos cursos de base nacional comum\/Etim\/MTec\/administra\u00e7\u00e3o integrado ao ensino m\u00e9dio (Etim \/Mtec).<\/li>\n<li>Edital n\u00ba 252\/06\/2019: Educa\u00e7\u00e3o f\u00edsica nos cursos de base nacional comum\/Etim\/MTec\/administra\u00e7\u00e3o integrado ao ensino m\u00e9dio (Etim \/Mtec).<\/li>\n<\/ul>\n<\/div>\n<div class=\"mc-column content-text active-extra-styles \" style=\"text-align: justify;\" data-block-type=\"unstyled\" data-block-weight=\"20\" data-block-id=\"10\">\n<p class=\"content-text__container \" data-track-category=\"Link no Texto\" data-track-links=\"\">As fun\u00e7\u00f5es dever\u00e3o ser exercidas em regime de 200 horas mensais, sendo remunerado no valor de R$ 18,35 a hora\/aula.<\/p>\n<\/div>\n<div class=\"mc-column content-text active-extra-styles \" style=\"text-align: justify;\" data-block-type=\"unstyled\" data-block-weight=\"12\" data-block-id=\"11\">\n<p class=\"content-text__container \" data-track-category=\"Link no Texto\" data-track-links=\"\">O candidato deve possuir licenciatura na \u00e1rea relativa a qual pretende concorrer.<\/p>\n<\/div>\n<div class=\"mc-column content-text active-extra-styles \" style=\"text-align: justify;\" data-block-type=\"unstyled\" data-block-weight=\"33\" data-block-id=\"12\">\n<p class=\"content-text__container \" data-track-category=\"Link no Texto\" data-track-links=\"\">As inscri\u00e7\u00f5es precisam ser realizadas pessoalmente na unidade da Etec, localizada na Rua Ribeiro de Barros, n\u00ba 1770, na Vila Dubus. O atendimento \u00e9 das 8h \u00e0s 12h e das 13h \u00e0s 16h.<\/p>\n<\/div>\n<div class=\"mc-column content-text active-extra-styles \" style=\"text-align: justify;\" data-block-type=\"unstyled\" data-block-weight=\"11\" data-block-id=\"13\">\n<p class=\"content-text__container \" data-track-category=\"Link no Texto\" data-track-links=\"\">A sele\u00e7\u00e3o ocorrer\u00e1 por meio de prova de t\u00edtulos e objetiva.<\/p>\n<\/div>\n<div class=\"mc-column content-text active-extra-styles\" style=\"text-align: justify;\" data-block-type=\"raw\" data-block-weight=\"3\" data-block-id=\"14\">\n<div class=\"content-intertitle\">\n<h2>Estrela do Norte<\/h2>\n<\/div>\n<\/div>\n<div class=\"mc-column content-text active-extra-styles \" style=\"text-align: justify;\" data-block-type=\"unstyled\" data-block-weight=\"45\" data-block-id=\"15\">\n<p class=\"content-text__container \" data-track-category=\"Link no Texto\" data-track-links=\"\">A Prefeitura de Estrela do Norte tem processo seletivo com inscri\u00e7\u00f5es abertas, que visa o preenchimento quatro vagas nas \u00e1reas da sa\u00fade e da educa\u00e7\u00e3o. Os interessados devem se candidatar at\u00e9 13 de novembro, pela\u00a0<a href=\"https:\/\/www.consesp.com.br\/site\/index.php?pg=concursos\/info&amp;codigo=3358\" target=\"_blank\" rel=\"noopener noreferrer\">internet<\/a>. A taxa \u00e9 de R$ 50,42.<\/p>\n<\/div>\n<div class=\"mc-column content-text active-extra-styles \" style=\"text-align: justify;\" data-block-type=\"unstyled\" data-block-weight=\"30\" data-block-id=\"17\">\n<p class=\"content-text__container \" data-track-category=\"Link no Texto\" data-track-links=\"\">As oportunidades s\u00e3o para os cargos de: m\u00e9dico PSF (1) e professor PEB I \u2013 substituto\/eventual nas seguintes modalidades: creche e pr\u00e9-escola (1), ensino fundamental (1) e educa\u00e7\u00e3o f\u00edsica (1).<\/p>\n<\/div>\n<div class=\"mc-column content-text active-extra-styles \" style=\"text-align: justify;\" data-block-type=\"unstyled\" data-block-weight=\"21\" data-block-id=\"18\">\n<p class=\"content-text__container \" data-track-category=\"Link no Texto\" data-track-links=\"\">O candidato deve possuir n\u00edvel superior e licenciatura na \u00e1rea em que pretende concorrer, bem como registro no Conselho de Classe.<\/p>\n<\/div>\n<div class=\"mc-column content-text active-extra-styles \" style=\"text-align: justify;\" data-block-type=\"unstyled\" data-block-weight=\"24\" data-block-id=\"19\">\n<p class=\"content-text__container \" data-track-category=\"Link no Texto\" data-track-links=\"\">As fun\u00e7\u00f5es de professores dever\u00e3o ser exercidas em regime de 4 a 40 horas semanais, al\u00e9m de regime eventual, conforme o cargo escolhido.<\/p>\n<\/div>\n<div class=\"mc-column content-text active-extra-styles \" style=\"text-align: justify;\" data-block-type=\"unstyled\" data-block-weight=\"24\" data-block-id=\"20\">\n<p class=\"content-text__container \" data-track-category=\"Link no Texto\" data-track-links=\"\">O contratado ao cargo de m\u00e9dico ser\u00e1 remunerado mensalmente no valor de R$ 11.781,08, acrescido de adicional insalubridade, de R$ 2.356,22, totalizando R$ 14.137,30.<\/p>\n<\/div>\n<div class=\"mc-column content-text active-extra-styles \" style=\"text-align: justify;\" data-block-type=\"unstyled\" data-block-weight=\"23\" data-block-id=\"21\">\n<p class=\"content-text__container \" data-track-category=\"Link no Texto\" data-track-links=\"\">J\u00e1 os servidores destinados a ocupar os cargos de professor dever\u00e3o receber a remunera\u00e7\u00e3o vari\u00e1vel de R$ 12,79 a R$ 17,89 por hora\/aula.<\/p>\n<\/div>\n<div class=\"mc-column content-text active-extra-styles \" style=\"text-align: justify;\" data-block-type=\"unstyled\" data-block-weight=\"32\" data-block-id=\"22\">\n<p class=\"content-text__container \" data-track-category=\"Link no Texto\" data-track-links=\"\">A previs\u00e3o \u00e9 de que a prova objetiva seja aplicada em 1\u00ba de dezembro, em local a ser divulgado. Tamb\u00e9m ser\u00e1 realizada a prova de t\u00edtulos aos candidatos \u00e0 fun\u00e7\u00e3o de professor.<\/p>\n<\/div>\n<div class=\"mc-column content-text active-extra-styles \" style=\"text-align: justify;\" data-block-type=\"unstyled\" data-block-weight=\"10\" data-block-id=\"23\">\n<p class=\"content-text__container \" data-track-category=\"Link no Texto\" data-track-links=\"\">Mais detalhes podem ser consultados no\u00a0<a href=\"https:\/\/www.consesp.com.br\/imagens_arquivos\/concursos\/arquivos\/3358_estreladonorte0022019processo.pdf\" target=\"_blank\" rel=\"noopener noreferrer\">edital<\/a>.<\/p>\n<\/div>\n<div class=\"mc-column content-text active-extra-styles\" style=\"text-align: justify;\" data-block-type=\"raw\" data-block-weight=\"1\" data-block-id=\"24\">\n<div class=\"content-intertitle\">\n<h2>Rin\u00f3polis<\/h2>\n<\/div>\n<\/div>\n<div class=\"mc-column content-text active-extra-styles \" style=\"text-align: justify;\" data-block-type=\"unstyled\" data-block-weight=\"44\" data-block-id=\"25\">\n<p class=\"content-text__container \" data-track-category=\"Link no Texto\" data-track-links=\"\">A Prefeitura de Rin\u00f3polis tem concurso p\u00fablico com inscri\u00e7\u00f5es abertas para o preenchimento de uma vaga no cargo de m\u00e9dico \u2013 ESF. Interessados devem se candidatar at\u00e9 as 12h de 6 de novembro, pela\u00a0<a href=\"http:\/\/www.exitusconcursos.com.br\/detalhe_anda.php?concurso=229\" target=\"_blank\" rel=\"noopener noreferrer\">internet<\/a>. A taxa \u00e9 de R$ 80.<\/p>\n<p class=\"content-text__container \" data-track-category=\"Link no Texto\" data-track-links=\"\"><span style=\"font-family: inherit; font-size: inherit; font-style: inherit; font-variant-ligatures: inherit; font-variant-caps: inherit; font-weight: inherit; text-align: center;\">O candidato deve possuir escolaridade em n\u00edvel superior completo em medicina, bem como registro no Conselho Regional de Medicina (CRM).<\/span><\/p>\n<\/div>\n<div class=\"mc-column content-text active-extra-styles \" style=\"text-align: justify;\" data-block-type=\"unstyled\" data-block-weight=\"31\" data-block-id=\"28\">\n<p class=\"content-text__container \" data-track-category=\"Link no Texto\" data-track-links=\"\">A carga hor\u00e1ria de trabalho deve ser de 40 horas semanais e a remunera\u00e7\u00e3o mensal de R$ 2.251,65, mais gratifica\u00e7\u00e3o, conforme os termos do artigo 6 da Lei Municipal N\u00ba 1.899\/2019.<\/p>\n<\/div>\n<div class=\"mc-column content-text active-extra-styles \" style=\"text-align: justify;\" data-block-type=\"unstyled\" data-block-weight=\"24\" data-block-id=\"29\">\n<p class=\"content-text__container \" data-track-category=\"Link no Texto\" data-track-links=\"\">A sele\u00e7\u00e3o ser\u00e1 realizada por meio de prova escrita, cuja aplica\u00e7\u00e3o est\u00e1 prevista para 1\u00ba de dezembro, em local e hor\u00e1rio a serem informados.<\/p>\n<\/div>\n<div class=\"mc-column content-text active-extra-styles \" style=\"text-align: justify;\" data-block-type=\"unstyled\" data-block-weight=\"11\" data-block-id=\"30\">\n<p class=\"content-text__container \" data-track-category=\"Link no Texto\" data-track-links=\"\">Mais detalhes podem ser consultados no\u00a0<a href=\"http:\/\/www.exitusconcursos.com.br\/concurso\/229\/EDITAL%20%20CP%2002-%2019%20-%20M%C3%89DICO%20ESF.pdf\" target=\"_blank\" rel=\"noopener noreferrer\">edital<\/a>.<\/p>\n<\/div>\n<div class=\"mc-column content-text active-extra-styles\" style=\"text-align: justify;\" data-block-type=\"raw\" data-block-weight=\"1\" data-block-id=\"31\">\n<div class=\"content-intertitle\">\n<h2>Sandovalina<\/h2>\n<\/div>\n<\/div>\n<div class=\"mc-column content-text active-extra-styles \" style=\"text-align: justify;\" data-block-type=\"unstyled\" data-block-weight=\"47\" data-block-id=\"32\">\n<p class=\"content-text__container \" data-track-category=\"Link no Texto\" data-track-links=\"\">A Prefeitura de Sandovalina tem\u00a0<a href=\"https:\/\/www.consesp.com.br\/site\/index.php?pg=concursos\/info&amp;codigo=3353\" target=\"_blank\" rel=\"noopener noreferrer\">concurso p\u00fablico<\/a>\u00a0e\u00a0<a href=\"https:\/\/www.consesp.com.br\/site\/index.php?pg=concursos\/info&amp;codigo=3354\" target=\"_blank\" rel=\"noopener noreferrer\">processo seletivo<\/a>\u00a0com inscri\u00e7\u00f5es abertas para a contrata\u00e7\u00e3o de profissionais de todos os n\u00edveis. As oportunidades s\u00e3o para a \u00e1rea da educa\u00e7\u00e3o. Os interessados devem de candidatar at\u00e9 3 de novembro, pela internet. A taxa \u00e9 de R$ 40.<\/p>\n<\/div>\n<div class=\"mc-column content-text active-extra-styles \" style=\"text-align: justify;\" data-block-type=\"unstyled\" data-block-weight=\"29\" data-block-id=\"33\">\n<p class=\"content-text__container \" data-track-category=\"Link no Texto\" data-track-links=\"\">O Concurso P\u00fablico \u2013\u00a0<a href=\"https:\/\/www.consesp.com.br\/imagens_arquivos\/concursos\/arquivos\/3353_sandovalina0012019edital.pdf\" target=\"_blank\" rel=\"noopener noreferrer\">Edital N\u00ba 001\/2019\u00a0<\/a>\u2013 visa o preenchimento de uma vaga no cargo de professor de educa\u00e7\u00e3o b\u00e1sica II para ministrar aulas de geografia.<\/p>\n<\/div>\n<div class=\"mc-column content-text active-extra-styles \" style=\"text-align: justify;\" data-block-type=\"unstyled\" data-block-weight=\"49\" data-block-id=\"34\">\n<p class=\"content-text__container \" data-track-category=\"Link no Texto\" data-track-links=\"\">O processo seletivo \u2013\u00a0<a href=\"https:\/\/www.consesp.com.br\/imagens_arquivos\/concursos\/arquivos\/3354_sandovalina0022019processo.pdf\" target=\"_blank\" rel=\"noopener noreferrer\">Edital N\u00ba 002\/2019<\/a> \u2013 visa a forma\u00e7\u00e3o de cadastro reserva nos cargos de professor de creche, professor de educa\u00e7\u00e3o b\u00e1sica I, professores de educa\u00e7\u00e3o b\u00e1sica II para habilitados e estudantes em artes, ci\u00eancias, educa\u00e7\u00e3o f\u00edsica, geografia, hist\u00f3ria, ingl\u00eas, l\u00edngua portuguesa e matem\u00e1tica.<\/p>\n<\/div>\n<div class=\"mc-column content-text active-extra-styles \" style=\"text-align: justify;\" data-block-type=\"unstyled\" data-block-weight=\"7\" data-block-id=\"36\">\n<p class=\"content-text__container \" data-track-category=\"Link no Texto\" data-track-links=\"\">Os dois certames disp\u00f5em retifica\u00e7\u00f5es de edital.<\/p>\n<\/div>\n<div class=\"mc-column content-text active-extra-styles \" style=\"text-align: justify;\" data-block-type=\"unstyled\" data-block-weight=\"13\" data-block-id=\"37\">\n<p class=\"content-text__container \" data-track-category=\"Link no Texto\" data-track-links=\"\">O sal\u00e1rio dos colaboradores varia de R$ 9,86 a R$ 11,02 a hora\/aula.<\/p>\n<\/div>\n<div class=\"mc-column content-text active-extra-styles \" style=\"text-align: justify;\" data-block-type=\"unstyled\" data-block-weight=\"24\" data-block-id=\"38\">\n<p class=\"content-text__container \" data-track-category=\"Link no Texto\" data-track-links=\"\">A sele\u00e7\u00e3o ser\u00e1 realizada por meio de provas objetiva e de t\u00edtulos. A primeira etapa est\u00e1 prevista para ser aplicada em 1\u00ba de dezembro.<\/p>\n<\/div>\n<div class=\"mc-column content-text active-extra-styles\" style=\"text-align: justify;\" data-block-type=\"raw\" data-block-weight=\"1\" data-block-id=\"39\">\n<div class=\"content-intertitle\">\n<h2>Rancharia<\/h2>\n<\/div>\n<\/div>\n<div class=\"mc-column content-text active-extra-styles \" style=\"text-align: justify;\" data-block-type=\"unstyled\" data-block-weight=\"16\" data-block-id=\"40\">\n<p class=\"content-text__container \" data-track-category=\"Link no Texto\" data-track-links=\"\">A Prefeitura de Rancharia tem processo seletivo de n\u00edvel superior para a contrata\u00e7\u00e3o tempor\u00e1ria de docentes.<\/p>\n<\/div>\n<div class=\"mc-column content-text active-extra-styles \" style=\"text-align: justify;\" data-block-type=\"unstyled\" data-block-weight=\"39\" data-block-id=\"41\">\n<p class=\"content-text__container \" data-track-category=\"Link no Texto\" data-track-links=\"\">H\u00e1 oportunidades disponibilizadas para os seguintes cargos: professores de creche, educa\u00e7\u00e3o b\u00e1sica I e I \u2013 AEE, educa\u00e7\u00e3o b\u00e1sica I \u2013 Ambiental e de educa\u00e7\u00e3o b\u00e1sica II em arte, ci\u00eancias, educa\u00e7\u00e3o f\u00edsica, geografia, hist\u00f3ria, ingl\u00eas, matem\u00e1tica e l\u00edngua portuguesa.<\/p>\n<\/div>\n<div class=\"mc-column content-text active-extra-styles \" style=\"text-align: justify;\" data-block-type=\"unstyled\" data-block-weight=\"21\" data-block-id=\"42\">\n<p class=\"content-text__container \" data-track-category=\"Link no Texto\" data-track-links=\"\">A carga hor\u00e1ria de trabalho ser\u00e1 de 40h semanais, com remunera\u00e7\u00f5es que alternam entre R$ 13,76 e R$ 15,56 a hora\/aula.<\/p>\n<\/div>\n<div class=\"mc-column content-text active-extra-styles \" style=\"text-align: justify;\" data-block-type=\"unstyled\" data-block-weight=\"23\" data-block-id=\"43\">\n<p class=\"content-text__container \" data-track-category=\"Link no Texto\" data-track-links=\"\">As inscri\u00e7\u00f5es v\u00e3o at\u00e9 as 23h59 de 11 de novembro, pela\u00a0<a href=\"http:\/\/www.omconsultoria.com.br\/informacoes-concurso\/447-prefeitura-do-municipio-de-rancharia\" target=\"_blank\" rel=\"noopener noreferrer\">internet<\/a>. A taxa de participa\u00e7\u00e3o \u00e9 de R$ 25.<\/p>\n<\/div>\n<div class=\"mc-column content-text active-extra-styles \" style=\"text-align: justify;\" data-block-type=\"unstyled\" data-block-weight=\"19\" data-block-id=\"44\">\n<p class=\"content-text__container \" data-track-category=\"Link no Texto\" data-track-links=\"\">A data, hor\u00e1rio e local das provas dever\u00e3o ser divulgados em edital com, pelo menos, cinco dias de anteced\u00eancia.<\/p>\n<\/div>\n<div class=\"mc-column content-text active-extra-styles \" style=\"text-align: justify;\" data-block-type=\"unstyled\" data-block-weight=\"10\" data-block-id=\"45\">\n<p class=\"content-text__container \" data-track-category=\"Link no Texto\" data-track-links=\"\">Mais detalhes podem ser consultados no\u00a0<a href=\"http:\/\/rancharia.sp.gov.br\/Arquivos_Publicacoes\/PSeletivos\/25102019-092534-rancharia-pm-ed2019-01-cp.pdf\" target=\"_blank\" rel=\"noopener noreferrer\">edital<\/a>.<\/p>\n<\/div>\n<div class=\"mc-column content-text active-extra-styles\" style=\"text-align: justify;\" data-block-type=\"raw\" data-block-weight=\"1\" data-block-id=\"46\">\n<div class=\"content-intertitle\">\n<h2>Paulic\u00e9ia<\/h2>\n<\/div>\n<\/div>\n<div class=\"mc-column content-text active-extra-styles \" style=\"text-align: justify;\" data-block-type=\"unstyled\" data-block-weight=\"50\" data-block-id=\"47\">\n<p class=\"content-text__container \" data-track-category=\"Link no Texto\" data-track-links=\"\">A Prefeitura de Paulic\u00e9ia, por meio de processo seletivo, visa preencher 10 vagas, al\u00e9m de forma\u00e7\u00e3o de cadastro reserva, de cargos de n\u00edveis m\u00e9dio e superior na \u00e1rea da educa\u00e7\u00e3o. As inscri\u00e7\u00f5es v\u00e3o at\u00e9 as 15h de 8 de novembro, pela\u00a0<a href=\"http:\/\/www.aplicativaassessoria.net\/concurso\/show\/id\/47\" target=\"_blank\" rel=\"noopener noreferrer\">internet<\/a>. A taxa de participa\u00e7\u00e3o \u00e9 de R$ 9,60.<\/p>\n<p class=\"content-text__container \" data-track-category=\"Link no Texto\" data-track-links=\"\"><span style=\"font-family: inherit; font-size: inherit; font-style: inherit; font-variant-ligatures: inherit; font-variant-caps: inherit; font-weight: inherit; text-align: center;\">Os cargos dispon\u00edveis s\u00e3o: professor I \u2013 educa\u00e7\u00e3o infantil\/creche e pr\u00e9-escola (5 vagas), professor II \u2013 anos iniciais do ensino fundamental (5 vagas), professor III \u2013 m\u00fasica e educa\u00e7\u00e3o f\u00edsica (CR), professor III \u2013 Atendimento Educa\u00e7\u00e3o Especializado (CR) e professor adjunto (CR).<\/span><\/p>\n<\/div>\n<div class=\"mc-column content-text active-extra-styles \" style=\"text-align: justify;\" data-block-type=\"unstyled\" data-block-weight=\"28\" data-block-id=\"50\">\n<p class=\"content-text__container \" data-track-category=\"Link no Texto\" data-track-links=\"\">A jornada de trabalho varia de 15h a 33h semanais com sal\u00e1rio inicial a ser recebido no valor de R$ 968,51 ou R$ 2.110,35, conforme o cargo pretendido.<\/p>\n<\/div>\n<div class=\"mc-column content-text active-extra-styles \" style=\"text-align: justify;\" data-block-type=\"unstyled\" data-block-weight=\"27\" data-block-id=\"51\">\n<p class=\"content-text__container \" data-track-category=\"Link no Texto\" data-track-links=\"\">A aplica\u00e7\u00e3o da prova objetiva est\u00e1 prevista para 24 de novembro, em locais e hor\u00e1rios a serem divulgados. O processo seletivo tamb\u00e9m conta com prova de t\u00edtulos.<\/p>\n<\/div>\n<div class=\"mc-column content-text active-extra-styles \" style=\"text-align: justify;\" data-block-type=\"unstyled\" data-block-weight=\"11\" data-block-id=\"52\">\n<p class=\"content-text__container \" data-track-category=\"Link no Texto\" data-track-links=\"\">O\u00a0<a href=\"http:\/\/www.aplicativaassessoria.net\/concurso\/show\/id\/47\" target=\"_blank\" rel=\"noopener noreferrer\">edital\u00a0<\/a>est\u00e1 dispon\u00edvel para download no site da banca organizadora.<\/p>\n<\/div>\n<div class=\"mc-column content-text active-extra-styles\" style=\"text-align: justify;\" data-block-type=\"raw\" data-block-weight=\"1\" data-block-id=\"53\">\n<div class=\"content-intertitle\">\n<h2>Adamantina<\/h2>\n<\/div>\n<\/div>\n<div class=\"mc-column content-text active-extra-styles \" style=\"text-align: justify;\" data-block-type=\"unstyled\" data-block-weight=\"76\" data-block-id=\"54\">\n<p class=\"content-text__container \" data-track-category=\"Link no Texto\" data-track-links=\"\">Em Adamantina, tem processo seletivo da Prefeitura voltado a profissionais de n\u00edvel superior. O objetivo \u00e9 a forma\u00e7\u00e3o de cadastro reserva para os cargos de educador de Emei \u2013 Ciclo I e professores de educa\u00e7\u00e3o do ensino fundamental \u2013 PEB I; educa\u00e7\u00e3o infantil Emei \u2013 Ciclo II; PEB II \u2013 educa\u00e7\u00e3o art\u00edstica; PEB II \u2013 educa\u00e7\u00e3o especial (DM e DA); PEB II \u2013 educa\u00e7\u00e3o f\u00edsica; educa\u00e7\u00e3o de jovens e adultos (EJA) e PEB II \u2013 ingl\u00eas.<\/p>\n<\/div>\n<div class=\"mc-column content-text active-extra-styles \" style=\"text-align: justify;\" data-block-type=\"unstyled\" data-block-weight=\"22\" data-block-id=\"55\">\n<p class=\"content-text__container \" data-track-category=\"Link no Texto\" data-track-links=\"\">As inscri\u00e7\u00f5es devem ser efetuadas at\u00e9 as 20h de 7 de novembro, pela\u00a0<a href=\"http:\/\/www.conscamweb.com.br\/concurso\/concursoPaginaInterna.do?idInstituicao=32&amp;idConcurso=7\" target=\"_blank\" rel=\"noopener noreferrer\">internet<\/a>. A taxa de participa\u00e7\u00e3o \u00e9 de R$ 13,89.<\/p>\n<p class=\"content-text__container \" data-track-category=\"Link no Texto\" data-track-links=\"\"><span style=\"font-family: inherit; font-size: inherit; font-style: inherit; font-variant-ligatures: inherit; font-variant-caps: inherit; font-weight: inherit; text-align: center;\">Ao serem contratados, os profissionais dever\u00e3o desempenhar atividades em carga hor\u00e1ria de 23h a 40h semanais, com remunera\u00e7\u00f5es que varia de R$ 1.715,52 a R$ 2.840,45 ao m\u00eas.<\/span><\/p>\n<\/div>\n<div class=\"mc-column content-text active-extra-styles \" style=\"text-align: justify;\" data-block-type=\"unstyled\" data-block-weight=\"16\" data-block-id=\"58\">\n<p class=\"content-text__container \" data-track-category=\"Link no Texto\" data-track-links=\"\">Mais detalhes podem ser consultados no\u00a0<a href=\"http:\/\/www.conscamweb.com.br\/concurso\/downloadAnexo.do?idAnexo=2670\" target=\"_blank\" rel=\"noopener noreferrer\">edital<\/a>. No site tamb\u00e9m h\u00e1 dispon\u00edvel uma retifica\u00e7\u00e3o do documento.<\/p>\n<\/div>\n<div data-track-category=\"multicontent\" data-track-action=\"ultimo chunk conteudo\" data-track-noninteraction=\"false\" data-track-scroll=\"view\">\n<div class=\"mc-column content-text active-extra-styles \" data-block-type=\"unstyled\" data-block-weight=\"17\" data-block-id=\"59\">\n<p class=\"content-text__container \" style=\"text-align: justify;\" data-track-category=\"Link no Texto\" data-track-links=\"\">A aplica\u00e7\u00e3o da prova objetiva est\u00e1 prevista para 1\u00ba de dezembro de 2019, em dois per\u00edodos diferentes.<\/p>\n<p style=\"text-align: justify;\" data-track-category=\"Link no Texto\" data-track-links=\"\">Fonte: G1<\/p>\n<\/div>\n<\/div>\n<\/div>\n","protected":false},"excerpt":{"rendered":"<p>Jornadas de trabalho, os benef\u00edcios, as fun\u00e7\u00f5es e os sal\u00e1rios variam de acordo com o cargo pretendido. Nesta semana, diversos concursos p\u00fablicos e processos seletivos est\u00e3o com inscri\u00e7\u00f5es abertas no Oeste Paulista voltados ao preenchimento de vagas e \u00e0 forma\u00e7\u00e3o de cadastro reserva. As jornadas de trabalho, os benef\u00edcios, as fun\u00e7\u00f5es e os sal\u00e1rios variam [&hellip;]<\/p>\n","protected":false},"author":1,"featured_media":10015,"comment_status":"closed","ping_status":"open","sticky":false,"template":"","format":"standard","meta":{"footnotes":""},"categories":[122],"tags":[],"class_list":["post-10014","post","type-post","status-publish","format-standard","has-post-thumbnail","hentry","category-saudeeducacaoeconcurso"],"_links":{"self":[{"href":"https:\/\/jorgezanoni.com.br\/2019\/wp-json\/wp\/v2\/posts\/10014","targetHints":{"allow":["GET"]}}],"collection":[{"href":"https:\/\/jorgezanoni.com.br\/2019\/wp-json\/wp\/v2\/posts"}],"about":[{"href":"https:\/\/jorgezanoni.com.br\/2019\/wp-json\/wp\/v2\/types\/post"}],"author":[{"embeddable":true,"href":"https:\/\/jorgezanoni.com.br\/2019\/wp-json\/wp\/v2\/users\/1"}],"replies":[{"embeddable":true,"href":"https:\/\/jorgezanoni.com.br\/2019\/wp-json\/wp\/v2\/comments?post=10014"}],"version-history":[{"count":0,"href":"https:\/\/jorgezanoni.com.br\/2019\/wp-json\/wp\/v2\/posts\/10014\/revisions"}],"wp:featuredmedia":[{"embeddable":true,"href":"https:\/\/jorgezanoni.com.br\/2019\/wp-json\/wp\/v2\/media\/10015"}],"wp:attachment":[{"href":"https:\/\/jorgezanoni.com.br\/2019\/wp-json\/wp\/v2\/media?parent=10014"}],"wp:term":[{"taxonomy":"category","embeddable":true,"href":"https:\/\/jorgezanoni.com.br\/2019\/wp-json\/wp\/v2\/categories?post=10014"},{"taxonomy":"post_tag","embeddable":true,"href":"https:\/\/jorgezanoni.com.br\/2019\/wp-json\/wp\/v2\/tags?post=10014"}],"curies":[{"name":"wp","href":"https:\/\/api.w.org\/{rel}","templated":true}]}}