{"id":100098,"date":"2025-12-10T17:14:43","date_gmt":"2025-12-10T17:14:43","guid":{"rendered":"https:\/\/jorgezanoni.com.br\/2019\/?p=100098"},"modified":"2025-12-10T17:14:43","modified_gmt":"2025-12-10T17:14:43","slug":"redefining-leadership-luana-camelo-rompe-fronteiras-brasil-dubai-e-recebe-reconhecimento-da-india-como-lideranca-que-redefine-o-cenario-global-de-inovacao","status":"publish","type":"post","link":"https:\/\/jorgezanoni.com.br\/2019\/redefining-leadership-luana-camelo-rompe-fronteiras-brasil-dubai-e-recebe-reconhecimento-da-india-como-lideranca-que-redefine-o-cenario-global-de-inovacao\/","title":{"rendered":"\u201cRedefining Leadership\u201d: Luana Camelo rompe fronteiras Brasil\u2013Dubai e recebe reconhecimento da \u00cdndia como lideran\u00e7a que redefine o cen\u00e1rio global de inova\u00e7\u00e3o"},"content":{"rendered":"<p style=\"text-align: justify;\"><b>\u00c0 frente da ponte estrat\u00e9gica de inova\u00e7\u00e3o RAIGON Brasil\u2013Dubai, a empres\u00e1ria brasileira amplia sua atua\u00e7\u00e3o internacional e passa a ser reconhecida por uma das maiores pot\u00eancias globais em tecnologia \u2014 a \u00cdndia \u2014 pelos pilares que marcam sua trajet\u00f3ria: vis\u00e3o, prop\u00f3sito, perseveran\u00e7a e lideran\u00e7a.<\/b><\/p>\n<h3 style=\"text-align: justify;\"><b>Da origem ao cen\u00e1rio global<\/b><\/h3>\n<p style=\"text-align: justify;\">Da cidade de Dracena, no interior de S\u00e3o Paulo, aos principais polos globais de inova\u00e7\u00e3o, Luana Camelo vem construindo uma trajet\u00f3ria que une empreendedorismo, vis\u00e3o estrat\u00e9gica e prop\u00f3sito. Empres\u00e1ria e comunicadora, \u00e9 fundadora e CEO da RAIGON.<\/p>\n<p style=\"text-align: justify;\"><b>\u2014\u2014\u2014\u2014\u2014\u2014\u2014\u2014\u2014\u2014\u2014\u2014\u2014\u2014\u2014\u2014\u2014\u2014\u2014\u2014\u2014\u2014\u2014-<\/b><\/p>\n<h3 style=\"text-align: justify;\"><b>Circula\u00e7\u00e3o internacional e interlocu\u00e7\u00e3o entre mercados<\/b><\/h3>\n<p style=\"text-align: justify;\">Nos \u00faltimos meses, a atua\u00e7\u00e3o da RAIGON passou a circular de forma consistente entre diferentes, com presen\u00e7a e interlocu\u00e7\u00e3o em regi\u00f5es estrat\u00e9gicas como Europa, Estados Unidos, Oriente M\u00e9dio e Norte da \u00c1frica (MENA), \u00c1sia, al\u00e9m da Am\u00e9rica Latina.<\/p>\n<p style=\"text-align: justify;\">Esse movimento acompanha a consolida\u00e7\u00e3o de Luana Camelo como uma das vozes brasileiras mais relevantes no debate contempor\u00e2neo sobre lideran\u00e7a, inova\u00e7\u00e3o e o futuro dos neg\u00f3cios, com atua\u00e7\u00e3o que ultrapassa fronteiras geogr\u00e1ficas e culturais.<\/p>\n<h3 style=\"text-align: justify;\"><b>Uma s\u00e9rie editorial sobre a lideran\u00e7a contempor\u00e2nea<\/b><\/h3>\n<p style=\"text-align: justify;\">Criadora da s\u00e9rie editorial internacional \u201cThe Real Diary of a CEO &amp; Global Consigliera\u201d, Luana passou a compartilhar os bastidores intelectuais, estrat\u00e9gicos e humanos da lideran\u00e7a global contempor\u00e2nea. Os conte\u00fados abordam temas como intelig\u00eancia artificial aplicada aos neg\u00f3cios, alta performance, tomada de decis\u00e3o e expans\u00e3o internacional.<\/p>\n<p style=\"text-align: justify;\">Mais do que uma s\u00e9rie de conte\u00fado, \u201cThe Real Diary of a CEO\u201d vem sendo interpretada como um registro de mentalidade da nova elite executiva global, reunindo reflex\u00f5es sobre a nova economia, responsabilidade, vis\u00e3o de longo prazo e lideran\u00e7a em tempos de transforma\u00e7\u00e3o acelerada.<\/p>\n<h3 style=\"text-align: justify;\"><b>Reconhecimento internacional e valida\u00e7\u00e3o externa<\/b><\/h3>\n<p style=\"text-align: justify;\"><b>A repercuss\u00e3o ganhou ainda mais for\u00e7a ap\u00f3s a publica\u00e7\u00e3o de uma mat\u00e9ria sobre sua trajet\u00f3ria no portal Jorge Zanoni, que despertou admira\u00e7\u00e3o em polos internacionais de inova\u00e7\u00e3o. Entre os destaques, um executivo da \u00cdndia deixou o seguinte reconhecimento:<\/b><\/p>\n<p style=\"text-align: justify;\"><span style=\"font-weight: 400;\">\u201cTruly inspiring! Your journey from Dracena to global innovation exemplifies how vision, purpose, and perseverance can transcend boundaries and redefine leadership.\u201d<\/span><\/p>\n<p style=\"text-align: justify;\"><span style=\"font-weight: 400;\">(\u201cRealmente inspirador! Sua jornada de Dracena \u00e0 inova\u00e7\u00e3o global exemplifica como vis\u00e3o, prop\u00f3sito e perseveran\u00e7a podem transcender fronteiras e redefinir a lideran\u00e7a.\u201d)<\/span><\/p>\n<p style=\"text-align: justify;\">O reconhecimento espont\u00e2neo consolida o posicionamento de Luana Camelo e da RAIGON no cen\u00e1rio internacional, refletindo sua atua\u00e7\u00e3o na articula\u00e7\u00e3o de di\u00e1logos e conex\u00f5es estrat\u00e9gicas entre diferentes mercados, com presen\u00e7a e reconhecimento em Brasil, Europa, Estados Unidos, Oriente M\u00e9dio e \u00c1sia.<\/p>\n<p style=\"text-align: justify;\">Em um ecossistema ainda majoritariamente masculino, Luana passa a ser reconhecida como uma voz feminina de alta autoridade, integrando uma nova gera\u00e7\u00e3o de l\u00edderes brasileiras com influ\u00eancia crescente no debate global sobre inova\u00e7\u00e3o.<\/p>\n<h3 style=\"text-align: justify;\"><b>Elentior Council: um novo cap\u00edtulo de governan\u00e7a global<\/b><\/h3>\n<p style=\"text-align: justify;\">Nesse contexto de expans\u00e3o internacional, a RAIGON vem estruturando um novo cap\u00edtulo de sua atua\u00e7\u00e3o global com o desenvolvimento do Elentior Council, um Conselho de Fundadores Globais voltado \u00e0 articula\u00e7\u00e3o estrat\u00e9gica entre l\u00edderes empresariais, investidores e fundadores de diferentes pa\u00edses.<\/p>\n<p style=\"text-align: justify;\">O Elentior Council \u00e9 concebido como um espa\u00e7o seletivo de governan\u00e7a, vis\u00e3o estrat\u00e9gica e troca entre pares, reunindo l\u00edderes vision\u00e1rios e UHNWI globais interessados em inova\u00e7\u00e3o, tecnologia de ponta, performance corporativa e na constru\u00e7\u00e3o de valor de longo prazo.<\/p>\n<p style=\"text-align: justify;\">A iniciativa refor\u00e7a o posicionamento da RAIGON como um ecossistema que articula a conex\u00e3o Brasil\u2013Dubai dentro de uma l\u00f3gica integrada de m\u00eddia, neg\u00f3cios e intelig\u00eancia estrat\u00e9gica, ampliando sua capacidade de promover di\u00e1logos qualificados entre marcas l\u00edderes, vision\u00e1rios e projetos de escala global.<\/p>\n<h3 style=\"text-align: justify;\"><b>Conclus\u00e3o<\/b><\/h3>\n<p style=\"text-align: justify;\">A trajet\u00f3ria de Luana Camelo reflete um movimento mais amplo de reposicionamento da lideran\u00e7a brasileira no cen\u00e1rio internacional. Ao articular inova\u00e7\u00e3o, vis\u00e3o estrat\u00e9gica e prop\u00f3sito, sua atua\u00e7\u00e3o evidencia como hist\u00f3rias que nascem fora dos grandes centros tamb\u00e9m podem ganhar relev\u00e2ncia global \u2014 e participar ativamente da constru\u00e7\u00e3o das agendas que moldam o futuro dos neg\u00f3cios.<\/p>\n<p>&nbsp;<\/p>\n","protected":false},"excerpt":{"rendered":"<p>\u00c0 frente da ponte estrat\u00e9gica de inova\u00e7\u00e3o RAIGON Brasil\u2013Dubai, a empres\u00e1ria brasileira amplia sua atua\u00e7\u00e3o internacional e passa a ser reconhecida por uma das maiores pot\u00eancias globais em tecnologia \u2014 a \u00cdndia \u2014 pelos pilares que marcam sua trajet\u00f3ria: vis\u00e3o, prop\u00f3sito, perseveran\u00e7a e lideran\u00e7a. Da origem ao cen\u00e1rio global Da cidade de Dracena, no interior [&hellip;]<\/p>\n","protected":false},"author":1,"featured_media":100099,"comment_status":"closed","ping_status":"open","sticky":false,"template":"","format":"standard","meta":{"footnotes":""},"categories":[110,116],"tags":[],"class_list":["post-100098","post","type-post","status-publish","format-standard","has-post-thumbnail","hentry","category-noticiasdestaque","category-politicaeeconomia"],"_links":{"self":[{"href":"https:\/\/jorgezanoni.com.br\/2019\/wp-json\/wp\/v2\/posts\/100098","targetHints":{"allow":["GET"]}}],"collection":[{"href":"https:\/\/jorgezanoni.com.br\/2019\/wp-json\/wp\/v2\/posts"}],"about":[{"href":"https:\/\/jorgezanoni.com.br\/2019\/wp-json\/wp\/v2\/types\/post"}],"author":[{"embeddable":true,"href":"https:\/\/jorgezanoni.com.br\/2019\/wp-json\/wp\/v2\/users\/1"}],"replies":[{"embeddable":true,"href":"https:\/\/jorgezanoni.com.br\/2019\/wp-json\/wp\/v2\/comments?post=100098"}],"version-history":[{"count":1,"href":"https:\/\/jorgezanoni.com.br\/2019\/wp-json\/wp\/v2\/posts\/100098\/revisions"}],"predecessor-version":[{"id":100100,"href":"https:\/\/jorgezanoni.com.br\/2019\/wp-json\/wp\/v2\/posts\/100098\/revisions\/100100"}],"wp:featuredmedia":[{"embeddable":true,"href":"https:\/\/jorgezanoni.com.br\/2019\/wp-json\/wp\/v2\/media\/100099"}],"wp:attachment":[{"href":"https:\/\/jorgezanoni.com.br\/2019\/wp-json\/wp\/v2\/media?parent=100098"}],"wp:term":[{"taxonomy":"category","embeddable":true,"href":"https:\/\/jorgezanoni.com.br\/2019\/wp-json\/wp\/v2\/categories?post=100098"},{"taxonomy":"post_tag","embeddable":true,"href":"https:\/\/jorgezanoni.com.br\/2019\/wp-json\/wp\/v2\/tags?post=100098"}],"curies":[{"name":"wp","href":"https:\/\/api.w.org\/{rel}","templated":true}]}}