{"id":100031,"date":"2025-12-07T13:18:48","date_gmt":"2025-12-07T13:18:48","guid":{"rendered":"https:\/\/jorgezanoni.com.br\/2019\/?p=100031"},"modified":"2025-12-07T13:18:48","modified_gmt":"2025-12-07T13:18:48","slug":"atencao-plena-o-poder-de-estar-presente-para-transformar-a-vida-por-cidinha-pascoaloto","status":"publish","type":"post","link":"https:\/\/jorgezanoni.com.br\/2019\/atencao-plena-o-poder-de-estar-presente-para-transformar-a-vida-por-cidinha-pascoaloto\/","title":{"rendered":"Aten\u00e7\u00e3o Plena: O Poder de Estar Presente para Transformar a Vida  (por Cidinha Pascoaloto)"},"content":{"rendered":"<p style=\"text-align: justify;\">A\u00a0aten\u00e7\u00e3o plena \u00e9 uma pr\u00e1tica que envolve mudan\u00e7as de comportamentos para desenvolver a capacidade de estar plenamente presente e consciente no aqui e agora. Essa t\u00e9cnica tem suas ra\u00edzes na medita\u00e7\u00e3o budista por seus benef\u00edcios comprovados em diversas \u00e1reas da sa\u00fade mental e bem-estar.<\/p>\n<p style=\"text-align: justify;\">A aten\u00e7\u00e3o plena \u00e9 um estado mental que permite que as pessoas observem seus pensamentos, emo\u00e7\u00f5es e sensa\u00e7\u00f5es f\u00edsica, experi\u00eancia de dores, desejos entre outras. Isso ajuda na redu\u00e7\u00e3o do estresse, na melhoria da concentra\u00e7\u00e3o e no aumento da satisfa\u00e7\u00e3o geral com a vida e na autorregula\u00e7\u00e3o emocional.<\/p>\n<p style=\"text-align: justify;\">Nos \u00faltimos anos, a pr\u00e1tica da aten\u00e7\u00e3o plena tem sido foco importante na psicologia, especialmente em terapias como a Terapia Cognitiva Comportamental para ajudar os pacientes a lidarem com a ansiedade, depress\u00e3o e outros transtornos emocionais.<\/p>\n<p style=\"text-align: justify;\">A pr\u00e1tica regular de aten\u00e7\u00e3o plena pode levar a resultados positivos como: Redu\u00e7\u00e3o da ansiedade e depress\u00e3o, aumento da resili\u00eancia emocional, melhora na aten\u00e7\u00e3o e foco e maior satisfa\u00e7\u00e3o com a vida.<\/p>\n<p style=\"text-align: justify;\">A inclus\u00e3o da aten\u00e7\u00e3o plena na rotina di\u00e1ria pode ser simples e eficaz. Reserve um tempo pelo menos de 5 a 10 minutos por dia para meditar. Voc\u00ea pode se posicionar tanto deitado como sentado confortavelmente em um lugar tranquilo, concentre-se na sua respira\u00e7\u00e3o e observe seus pensamentos sem deixar se levar por eles.<\/p>\n<p style=\"text-align: justify;\">\u00a0A aten\u00e7\u00e3o plena pode ser aplicada nas atividades do dia a dia e nas atividades simples como caminhar, comer, escovar os dentes prestando aten\u00e7\u00e3o nos detalhes a sua volta e na experi\u00eancia do momento. Em uma crise de estresse concentre-se na sua respira\u00e7\u00e3o para ficar no presente. A pr\u00e1tica regular da aten\u00e7\u00e3o plena pode transformar gradualmente a rela\u00e7\u00e3o da pessoa consigo mesma e com o mundo, contribuindo para uma vida mais equilibrada, consciente e saud\u00e1vel.<\/p>\n<p><img class=\"alignnone size-full wp-image-100032\" alt=\"\" \/><img loading=\"lazy\" decoding=\"async\" class=\"alignnone size-full wp-image-100033\" src=\"https:\/\/jorgezanoni.com.br\/2019\/wp-content\/uploads\/2025\/12\/Cidinha-Pascoaloto-1.jpg\" alt=\"\" width=\"339\" height=\"480\" srcset=\"https:\/\/jorgezanoni.com.br\/2019\/wp-content\/uploads\/2025\/12\/Cidinha-Pascoaloto-1.jpg 339w, https:\/\/jorgezanoni.com.br\/2019\/wp-content\/uploads\/2025\/12\/Cidinha-Pascoaloto-1-212x300.jpg 212w, https:\/\/jorgezanoni.com.br\/2019\/wp-content\/uploads\/2025\/12\/Cidinha-Pascoaloto-1-297x420.jpg 297w\" sizes=\"auto, (max-width: 339px) 100vw, 339px\" \/>\u2013 Psic\u00f3loga (CRP 06\/158174)<\/p>\n<p style=\"text-align: justify;\">\ud83d\udcde (18) 99725-6418<\/p>\n<p style=\"text-align: justify;\"><a href=\"http:\/\/www.facebook.com\/cidinha.pascoaloto\">www.facebook.com\/cidinha.pascoaloto<\/a><\/p>\n<p style=\"text-align: justify;\"><a href=\"https:\/\/www.instagram.com\/cidinhapsicologa?igsh=MXM1NWNodzd5bzN4bA%3D%3D\">Cidinha Pascoaloto (@cidinhapsicologa) \u2022 Fotos e v\u00eddeos do Instagram<\/a><\/p>\n<p style=\"text-align: justify;\">\n<p style=\"text-align: justify;\">\n","protected":false},"excerpt":{"rendered":"<p>A\u00a0aten\u00e7\u00e3o plena \u00e9 uma pr\u00e1tica que envolve mudan\u00e7as de comportamentos para desenvolver a capacidade de estar plenamente presente e consciente no aqui e agora. Essa t\u00e9cnica tem suas ra\u00edzes na medita\u00e7\u00e3o budista por seus benef\u00edcios comprovados em diversas \u00e1reas da sa\u00fade mental e bem-estar. A aten\u00e7\u00e3o plena \u00e9 um estado mental que permite que as [&hellip;]<\/p>\n","protected":false},"author":1,"featured_media":100034,"comment_status":"closed","ping_status":"open","sticky":false,"template":"","format":"standard","meta":{"footnotes":""},"categories":[175],"tags":[],"class_list":["post-100031","post","type-post","status-publish","format-standard","has-post-thumbnail","hentry","category-artigos"],"_links":{"self":[{"href":"https:\/\/jorgezanoni.com.br\/2019\/wp-json\/wp\/v2\/posts\/100031","targetHints":{"allow":["GET"]}}],"collection":[{"href":"https:\/\/jorgezanoni.com.br\/2019\/wp-json\/wp\/v2\/posts"}],"about":[{"href":"https:\/\/jorgezanoni.com.br\/2019\/wp-json\/wp\/v2\/types\/post"}],"author":[{"embeddable":true,"href":"https:\/\/jorgezanoni.com.br\/2019\/wp-json\/wp\/v2\/users\/1"}],"replies":[{"embeddable":true,"href":"https:\/\/jorgezanoni.com.br\/2019\/wp-json\/wp\/v2\/comments?post=100031"}],"version-history":[{"count":1,"href":"https:\/\/jorgezanoni.com.br\/2019\/wp-json\/wp\/v2\/posts\/100031\/revisions"}],"predecessor-version":[{"id":100035,"href":"https:\/\/jorgezanoni.com.br\/2019\/wp-json\/wp\/v2\/posts\/100031\/revisions\/100035"}],"wp:featuredmedia":[{"embeddable":true,"href":"https:\/\/jorgezanoni.com.br\/2019\/wp-json\/wp\/v2\/media\/100034"}],"wp:attachment":[{"href":"https:\/\/jorgezanoni.com.br\/2019\/wp-json\/wp\/v2\/media?parent=100031"}],"wp:term":[{"taxonomy":"category","embeddable":true,"href":"https:\/\/jorgezanoni.com.br\/2019\/wp-json\/wp\/v2\/categories?post=100031"},{"taxonomy":"post_tag","embeddable":true,"href":"https:\/\/jorgezanoni.com.br\/2019\/wp-json\/wp\/v2\/tags?post=100031"}],"curies":[{"name":"wp","href":"https:\/\/api.w.org\/{rel}","templated":true}]}}