{"id":10002,"date":"2019-10-30T14:11:49","date_gmt":"2019-10-30T14:11:49","guid":{"rendered":"https:\/\/jorgezanoni.com.br\/2019\/?p=10002"},"modified":"2019-10-30T14:11:49","modified_gmt":"2019-10-30T14:11:49","slug":"e-a-mesmice-de-sempre-continua-na-politicagem-do-pais-do-faz-de-conta","status":"publish","type":"post","link":"https:\/\/jorgezanoni.com.br\/2019\/e-a-mesmice-de-sempre-continua-na-politicagem-do-pais-do-faz-de-conta\/","title":{"rendered":"E a mesmice de sempre continua na politicagem do &#8220;Pa\u00eds do faz de conta&#8221;&#8230;"},"content":{"rendered":"<p style=\"text-align: justify;\"><strong>E A MESMICE DE SEMPRE CONTINUA NA POLITICAGEM DO \u201cPA\u00cdS DO FAZ DE CONTA\u201d&#8230;<\/strong><\/p>\n<p style=\"text-align: justify;\"><em>&#8220;Somente o tempo \u00e9 que nos revela o justo; mas o mau podemos conhec\u00ea-lo em um \u00fanico dia.&#8221; (S\u00f3focles)<\/em><\/p>\n<p style=\"text-align: justify;\"><strong><em>S\u00e9rgio Barbosa (*)<\/em><\/strong><\/p>\n<p style=\"text-align: justify;\">Pra variar, ainda, como sempre, o jogo por debaixo dos panos come\u00e7ou em terras tupiniquins, bem como, as idas e vindas do outro lado em busca da famosa teoria &#8220;hegem\u00f4nica&#8221; do poder pelo poder em busca do poder e salve-se quem puder, ou melhor, v\u00e3o se salvar os mesmos de sempre deste ou do outro lado de um mesmo lado&#8230;<\/p>\n<p style=\"text-align: justify;\">Cada qual sabe onde coloca o seu voto nas pr\u00f3ximas elei\u00e7\u00f5es, al\u00e9m do mais ou de menos, a escolha destes ou daqueles nomes \u00e9 &#8220;secreta&#8221; para ambos os lados neste processo eleitoral, portanto, tudo pode ocorrer pra cima da turma do &#8220;tost\u00e3o&#8221;, tendo em vista que a outra turma, ou seja, do &#8220;milh\u00e3o&#8221; e os mesmos est\u00e3o dispostos a ganhar este jogo de um jeito ou de outro&#8230;<\/p>\n<p style=\"text-align: justify;\">Desta forma, tudo pode ocorrer em nome da tal democracia tupiniquim, haja vista o que fizeram em n\u00edvel federal com a presidenta que foi \u201cimpedida\u201d de continuar no cargo por meio das muitas trocas nada simb\u00f3licas do poder pelo poder com o poder&#8230;<\/p>\n<p style=\"text-align: justify;\">O cen\u00e1rio REGIOCAL, do REGIONAL para o LOCAL pode proporcionar, tamb\u00e9m, momentos de repress\u00e3o quando se usa e abusa de crit\u00e9rios em nome dos interesses de sempre, portanto, daqui pra frente, pode-se afirmar que a &#8220;sorte est\u00e1 lan\u00e7ada&#8221; nas pr\u00f3ximas elei\u00e7\u00f5es para este ou aquele cargo no PA\u00cdS DO FAZ DE CONTA&#8230;<\/p>\n<p style=\"text-align: justify;\">Entretanto, n\u00e3o se pode esquecer que &#8220;as palavras tem poder&#8221;, sendo que o texto impresso acaba pressionando mais do que a verbaliza\u00e7\u00e3o do senso comum que predomina nas esquinas das muitas prov\u00edncias em nome dos interesses que est\u00e3o al\u00e9m das propostas apresentadas em benef\u00edcio destas comunidades&#8230;<\/p>\n<p style=\"text-align: justify;\">Pelo andar da carruagem, entendo que existem muitas escolhas pendentes nos Partidos ou Grupos Econ\u00f4micos, al\u00e9m do mais ou de menos, neste PA\u00cdS DO FAZ DE CONTA quem det\u00e9m o Poder Econ\u00f4mico, det\u00e9m o Poder Pol\u00edtico&#8230;<\/p>\n<p style=\"text-align: justify;\">Por\u00e9m, &#8220;todo cuidado \u00e9 pouco&#8221; com essa turma que busca o poder pelo poder como se fossem donos de tudo e de todos e ponto quase final&#8230;<\/p>\n<p style=\"text-align: justify;\">N\u00e3o se pode neste contexto singular com proposta de pluralidade para a maioria dos\/as \u201ctupiniquins\u201d, ficar fazendo &#8220;de conta&#8221;, tal qual a avestruz quando coloca a cabe\u00e7a no buraco, entretanto, tal posi\u00e7\u00e3o pode representar muitas coisas desta mesma coisa e assim por diante&#8230;<\/p>\n<p style=\"text-align: justify;\">O tempo disse o Poeta do outro tempo deste tempo, \u201c\u00e9 o senhor da raz\u00e3o\u201d, haja vista os resultados de algumas elei\u00e7\u00f5es nos pa\u00edses vizinhos, por\u00e9m, tudo pode ocorrer neste cen\u00e1rio pr\u00e9-elei\u00e7\u00f5es do pr\u00f3ximo ano em tempo de BOZZONARO&#8230;<\/p>\n<p style=\"text-align: justify;\"><strong><em>________________________________<\/em><\/strong><\/p>\n<p><strong><em>(*) Jornalista diplomado.<\/em><\/strong><\/p>\n","protected":false},"excerpt":{"rendered":"<p>E A MESMICE DE SEMPRE CONTINUA NA POLITICAGEM DO \u201cPA\u00cdS DO FAZ DE CONTA\u201d&#8230; &#8220;Somente o tempo \u00e9 que nos revela o justo; mas o mau podemos conhec\u00ea-lo em um \u00fanico dia.&#8221; (S\u00f3focles) S\u00e9rgio Barbosa (*) Pra variar, ainda, como sempre, o jogo por debaixo dos panos come\u00e7ou em terras tupiniquins, bem como, as idas [&hellip;]<\/p>\n","protected":false},"author":1,"featured_media":10003,"comment_status":"closed","ping_status":"open","sticky":false,"template":"","format":"standard","meta":{"footnotes":""},"categories":[175],"tags":[],"class_list":["post-10002","post","type-post","status-publish","format-standard","has-post-thumbnail","hentry","category-artigos"],"_links":{"self":[{"href":"https:\/\/jorgezanoni.com.br\/2019\/wp-json\/wp\/v2\/posts\/10002","targetHints":{"allow":["GET"]}}],"collection":[{"href":"https:\/\/jorgezanoni.com.br\/2019\/wp-json\/wp\/v2\/posts"}],"about":[{"href":"https:\/\/jorgezanoni.com.br\/2019\/wp-json\/wp\/v2\/types\/post"}],"author":[{"embeddable":true,"href":"https:\/\/jorgezanoni.com.br\/2019\/wp-json\/wp\/v2\/users\/1"}],"replies":[{"embeddable":true,"href":"https:\/\/jorgezanoni.com.br\/2019\/wp-json\/wp\/v2\/comments?post=10002"}],"version-history":[{"count":0,"href":"https:\/\/jorgezanoni.com.br\/2019\/wp-json\/wp\/v2\/posts\/10002\/revisions"}],"wp:featuredmedia":[{"embeddable":true,"href":"https:\/\/jorgezanoni.com.br\/2019\/wp-json\/wp\/v2\/media\/10003"}],"wp:attachment":[{"href":"https:\/\/jorgezanoni.com.br\/2019\/wp-json\/wp\/v2\/media?parent=10002"}],"wp:term":[{"taxonomy":"category","embeddable":true,"href":"https:\/\/jorgezanoni.com.br\/2019\/wp-json\/wp\/v2\/categories?post=10002"},{"taxonomy":"post_tag","embeddable":true,"href":"https:\/\/jorgezanoni.com.br\/2019\/wp-json\/wp\/v2\/tags?post=10002"}],"curies":[{"name":"wp","href":"https:\/\/api.w.org\/{rel}","templated":true}]}}