{"id":1000,"date":"2019-07-19T18:06:07","date_gmt":"2019-07-19T18:06:07","guid":{"rendered":"http:\/\/jorgezanoni.com.br\/2019\/?p=1000"},"modified":"2019-07-19T21:41:21","modified_gmt":"2019-07-19T21:41:21","slug":"policia-militar-cumpre-mandado-de-prisao-em-dracena","status":"publish","type":"post","link":"https:\/\/jorgezanoni.com.br\/2019\/policia-militar-cumpre-mandado-de-prisao-em-dracena\/","title":{"rendered":"Pol\u00edcia Militar cumpre mandado de pris\u00e3o em Dracena"},"content":{"rendered":"<p>Hoje (19), por volta das 13h27min, os Policiais Militares de Dracena\/SP, ap\u00f3s tomarem conhecimento de um Mandado de pris\u00e3o em desfavor do T.R.S. de 29 anos, iniciou patrulhamento com vistas ao procurado e logrado \u00eaxito na localiza\u00e7\u00e3o do mesmo, que ap\u00f3s ser cientificado do referido Mandado, foi conduzido \u00e0 delegacia onde permaneceu a disposi\u00e7\u00e3o da justi\u00e7a.<\/p>\n<p><span class=\"text_exposed_show\">Fonte: COMUNICA\u00c7\u00c3O SOCIAL DO 25\u00ba BPM\/I &#8211; Dracena e regi\u00e3o.<\/span><\/p>\n","protected":false},"excerpt":{"rendered":"<p>Hoje (19), por volta das 13h27min, os Policiais Militares de Dracena\/SP, ap\u00f3s tomarem conhecimento de um Mandado de pris\u00e3o em desfavor do T.R.S. de 29 anos, iniciou patrulhamento com vistas ao procurado e logrado \u00eaxito na localiza\u00e7\u00e3o do mesmo, que ap\u00f3s ser cientificado do referido Mandado, foi conduzido \u00e0 delegacia onde permaneceu a disposi\u00e7\u00e3o da [&hellip;]<\/p>\n","protected":false},"author":1,"featured_media":1002,"comment_status":"open","ping_status":"open","sticky":false,"template":"","format":"standard","meta":{"footnotes":""},"categories":[2],"tags":[],"class_list":["post-1000","post","type-post","status-publish","format-standard","has-post-thumbnail","hentry","category-policial"],"_links":{"self":[{"href":"https:\/\/jorgezanoni.com.br\/2019\/wp-json\/wp\/v2\/posts\/1000","targetHints":{"allow":["GET"]}}],"collection":[{"href":"https:\/\/jorgezanoni.com.br\/2019\/wp-json\/wp\/v2\/posts"}],"about":[{"href":"https:\/\/jorgezanoni.com.br\/2019\/wp-json\/wp\/v2\/types\/post"}],"author":[{"embeddable":true,"href":"https:\/\/jorgezanoni.com.br\/2019\/wp-json\/wp\/v2\/users\/1"}],"replies":[{"embeddable":true,"href":"https:\/\/jorgezanoni.com.br\/2019\/wp-json\/wp\/v2\/comments?post=1000"}],"version-history":[{"count":0,"href":"https:\/\/jorgezanoni.com.br\/2019\/wp-json\/wp\/v2\/posts\/1000\/revisions"}],"wp:featuredmedia":[{"embeddable":true,"href":"https:\/\/jorgezanoni.com.br\/2019\/wp-json\/wp\/v2\/media\/1002"}],"wp:attachment":[{"href":"https:\/\/jorgezanoni.com.br\/2019\/wp-json\/wp\/v2\/media?parent=1000"}],"wp:term":[{"taxonomy":"category","embeddable":true,"href":"https:\/\/jorgezanoni.com.br\/2019\/wp-json\/wp\/v2\/categories?post=1000"},{"taxonomy":"post_tag","embeddable":true,"href":"https:\/\/jorgezanoni.com.br\/2019\/wp-json\/wp\/v2\/tags?post=1000"}],"curies":[{"name":"wp","href":"https:\/\/api.w.org\/{rel}","templated":true}]}}